{"id":4057,"date":"2025-08-08T13:40:51","date_gmt":"2025-08-08T10:40:51","guid":{"rendered":"https:\/\/sacracosmetics.com\/?p=4057"},"modified":"2025-08-11T10:57:52","modified_gmt":"2025-08-11T07:57:52","slug":"como-utilizar-el-acido-glicolico-en-verano","status":"publish","type":"post","link":"https:\/\/sacracosmetics.com\/es\/como-utilizar-el-acido-glicolico-en-verano\/","title":{"rendered":"C\u00f3mo utilizar el \u00e1cido glic\u00f3lico en verano"},"content":{"rendered":"<p>Te limpias, hidratas y usas protector solar como si fuera tu segunda piel, pero algo cambia. Tu rostro se siente obstruido, pesado, casi como si estuviera reteniendo m\u00e1s de lo que necesita. Los poros se hacen m\u00e1s visibles y, antes de que te des cuenta, empiezan a aparecer manchas solares.<\/p>\n\n\n\n<p>No es que tu rutina est\u00e9 mal, pero el verano trae su propio ritmo. El sudor, los FPS, la contaminaci\u00f3n y el sebo se combinan para formar una fina pel\u00edcula sobre la piel. Sin una exfoliaci\u00f3n suave, esa acumulaci\u00f3n opaca la luminosidad y favorece la congesti\u00f3n y la pigmentaci\u00f3n. Aqu\u00ed es donde entra en juego el \u00e1cido glic\u00f3lico, no como un exfoliante agresivo, sino como un reajuste tranquilo y una exhalaci\u00f3n m\u00e1s profunda para la piel.<\/p>\n\n\n\n<h3 class=\"wp-block-heading\">\u00bfPuedo utilizar \u00e1cido glic\u00f3lico en verano sin da\u00f1ar mi piel?<\/h3>\n\n\n\n<p>S\u00ed, por supuesto, siempre que sea oportuno. El \u00e1cido glic\u00f3lico se aplica mejor por la noche, cuando la piel est\u00e1 en <a href=\"https:\/\/www.medicalnewstoday.com\/articles\/glycolic-acid-for-skin?utm_source=chatgpt.com\" target=\"_blank\" rel=\"noopener\" title=\"\">modo reparaci\u00f3n<\/a>. Por la ma\u00f1ana, un generoso velo de SPF de amplio espectro protege las c\u00e9lulas frescas y luminosas que has revelado. Por la ma\u00f1ana, la aplicaci\u00f3n de una generosa capa de SPF de amplio espectro protege las c\u00e9lulas frescas y luminosas que has revelado. Esta combinaci\u00f3n -\u00e1cido de noche, FPS de d\u00eda- mantiene la piel limpia sin comprometer su salud.<\/p>\n\n\n\n<h3 class=\"wp-block-heading\">\u00bfQu\u00e9 hace exactamente el \u00e1cido glic\u00f3lico cuando hace calor?<\/h3>\n\n\n\n<p> El \u00e1cido glic\u00f3lico es el exfoliante m\u00e1s peque\u00f1o de la naturaleza, procedente de la ca\u00f1a de az\u00facar y lo bastante peque\u00f1o para deslizarse entre las c\u00e9lulas de la piel. Debido a su tama\u00f1o, puede derretir lo que ya no sirve a tu piel. En climas c\u00e1lidos, ayuda a:<\/p>\n\n\n\n<ul class=\"wp-block-list\">\n<li>Desobstruye los poros congestionados<\/li>\n\n\n\n<li>Textura suave sin abrasi\u00f3n<\/li>\n\n\n\n<li>Difumina las primeras manchas solares antes de que se hagan permanentes<\/li>\n<\/ul>\n\n\n\n<p>Si se utiliza de forma constante, restaura la luminosidad sin dramatismos.<\/p>\n\n\n\n<h3 class=\"wp-block-heading\">\u00bfQu\u00e9 concentraci\u00f3n de \u00e1cido glic\u00f3lico es mejor en verano?<\/h3>\n\n\n\n<p>C\u00ed\u00f1ete a la zona Ricitos de Oro: 5-7 %. Suficientemente fuerte para hacer el trabajo, suficientemente suave para una piel bronceada. Nuestra f\u00f3rmula de 6 % vive en ese dulce punto intermedio: equilibrada, tamponada y eficaz sin irritar.<\/p>\n\n\n\n<h3 class=\"wp-block-heading\">\u00bfCu\u00e1l es la forma m\u00e1s segura de utilizar el \u00e1cido glic\u00f3lico en verano?<\/h3>\n\n\n\n<p>La concentraci\u00f3n ideal en verano para la mayor\u00eda de los tipos de piel se sit\u00faa entre el 5 y el 7%. Esta gama es lo suficientemente fuerte como para exfoliar eficazmente, pero lo suficientemente suave para una piel bronceada. La f\u00f3rmula 6% se sit\u00faa perfectamente en esta zona: equilibrada, tamponada y eficaz sin irritar. Este es el ritmo que recomendamos:<\/p>\n\n\n\n<ol class=\"wp-block-list\">\n<li><strong>Elige una f\u00f3rmula entre 5-7 %.<\/strong><\/li>\n\n\n\n<li><strong>Aplicar s\u00f3lo por la noche.<\/strong>&nbsp;Piel limpia. Una capa fina. Esperar uno o dos minutos. A continuaci\u00f3n, hidratar.<\/li>\n\n\n\n<li><strong>Empieza con dos noches a la semana.<\/strong>&nbsp;Deja que tu piel se adapte.<\/li>\n\n\n\n<li><strong>Evite las capas activas.<\/strong>&nbsp;S\u00e1ltate los retinoides y exfoliantes en las noches glic\u00f3licas.<\/li>\n\n\n\n<li><strong>Observa c\u00f3mo se siente tu piel.<\/strong>&nbsp;Si te hormiguea demasiado, descansa. Hidr\u00e1tese. Vuelva despacio.<\/li>\n\n\n\n<li><strong>Haz del SPF tu ritual.<\/strong>&nbsp;Cada ma\u00f1ana, sin falta.<\/li>\n<\/ol>\n\n\n\n<p>Deja que tu piel te gu\u00ede. El glic\u00f3lico no es una carrera, es un compa\u00f1ero tranquilo.<\/p>\n\n\n\n<h3 class=\"wp-block-heading\">\u00bfCu\u00e1l es un buen s\u00e9rum de \u00e1cido glic\u00f3lico para el verano?<\/h3>\n\n\n\n<p>Nuestra&nbsp;<a href=\"https:\/\/sacracosmetics.com\/es\/product\/suero-bio-exfoliante-ultra-clarificante-6-acido-glicolico\/\" title=\"\"><strong>Suero Bio-Exfoliante Ultraclarificante<\/strong><\/a>&nbsp;est\u00e1 dise\u00f1ado para esta temporada. Un n\u00facleo glic\u00f3lico 6 % tamponado con higo chumbo, aceite de arg\u00e1n y glicerina, para exfoliar con precisi\u00f3n y ternura. Sin escozor, sin pegajosidad, sin perfume fuerte. S\u00f3lo una piel suave y limpia que parece que por fin puede respirar.<\/p>\n\n\n\n<figure class=\"wp-block-image size-large\"><img decoding=\"async\" width=\"1024\" height=\"1024\" src=\"https:\/\/sacracosmetics.com\/wp-content\/uploads\/2025\/07\/SACRA-ads-square-1024x1024.png\" alt=\"\" class=\"wp-image-4001\" srcset=\"https:\/\/sacracosmetics.com\/wp-content\/uploads\/2025\/07\/SACRA-ads-square-1024x1024.png 1024w, https:\/\/sacracosmetics.com\/wp-content\/uploads\/2025\/07\/SACRA-ads-square-300x300.png 300w, https:\/\/sacracosmetics.com\/wp-content\/uploads\/2025\/07\/SACRA-ads-square-150x150.png 150w, https:\/\/sacracosmetics.com\/wp-content\/uploads\/2025\/07\/SACRA-ads-square-768x768.png 768w, https:\/\/sacracosmetics.com\/wp-content\/uploads\/2025\/07\/SACRA-ads-square-12x12.png 12w, https:\/\/sacracosmetics.com\/wp-content\/uploads\/2025\/07\/SACRA-ads-square-600x600.png 600w, https:\/\/sacracosmetics.com\/wp-content\/uploads\/2025\/07\/SACRA-ads-square-100x100.png 100w, https:\/\/sacracosmetics.com\/wp-content\/uploads\/2025\/07\/SACRA-ads-square.png 1080w\" sizes=\"(max-width: 1024px) 100vw, 1024px\" \/><\/figure>\n\n\n\n<p>Util\u00edcelo dos o tres noches a la semana y deje que los resultados vayan apareciendo poco a poco: poro a poro, mancha a mancha, respiraci\u00f3n a respiraci\u00f3n.<\/p>\n\n\n\n<h3 class=\"wp-block-heading\">\u00bfCu\u00e1ndo debo omitir el glic\u00f3lico?<\/h3>\n\n\n\n<p>Haz una pausa en tu rutina de \u00e1cido glic\u00f3lico si tu piel est\u00e1 quemada por el sol, recalentada, reci\u00e9n depilada o sometida a estr\u00e9s. Ese es el momento de dejarla descansar y repararse antes de volver a la exfoliaci\u00f3n.<\/p>\n\n\n\n<h3 class=\"wp-block-heading\">Entonces... \u00bfpueden coexistir el \u00e1cido glic\u00f3lico y el verano?<\/h3>\n\n\n\n<p>S\u00ed, el \u00e1cido glic\u00f3lico y el verano pueden trabajar maravillosamente juntos. Con el ritmo adecuado, el glic\u00f3lico despeja el camino hacia la luminosidad sin comprometer la paz de la piel. Utilizado con prudencia, junto con el SPF diario y un cuidado consciente, se convierte en un aliado del verano. Tu piel puede resplandecer no a pesar de la exfoliaci\u00f3n, sino gracias a la atenci\u00f3n que le prestas.<\/p>\n\n\n\n<p>Que el ritual sea suave. Deja que el resplandor se despliegue lentamente, pero con seguridad. <\/p>\n\n\n\n<p><\/p>\n\n\n\n<p><strong>Principales conclusiones<\/strong><\/p>\n\n\n\n<div class=\"wp-block-aioseo-key-points\"><div class=\"aioseo-key-points-block-content\">\n<ul class=\"wp-block-list\">\n<li><strong>El papel del \u00e1cido glic\u00f3lico en el cuidado de la piel en verano:<\/strong> El \u00e1cido glic\u00f3lico ayuda a desobstruir los poros, suavizar la textura y difuminar las manchas solares durante el verano exfoliando suavemente la acumulaci\u00f3n causada por el sudor, la contaminaci\u00f3n y el sebo.<\/li>\n\n\n\n<li><strong>Uso seguro del \u00e1cido glic\u00f3lico en verano:<\/strong> Aplica \u00e1cido glic\u00f3lico por la noche con una f\u00f3rmula 5-7%, empezando dos noches a la semana, y sigue siempre con FPS de amplio espectro cada ma\u00f1ana para proteger la piel sensible y reci\u00e9n revelada.<\/li>\n\n\n\n<li><strong>Fuerza y aplicaci\u00f3n \u00f3ptimas para el verano:<\/strong> Un s\u00e9rum de \u00e1cido glic\u00f3lico 6% ofrece una exfoliaci\u00f3n equilibrada, suave pero eficaz, ideal para el verano, especialmente si se utiliza correctamente y con una hidrataci\u00f3n adecuada de la piel.<\/li>\n\n\n\n<li><strong>Buenas pr\u00e1cticas para el uso del \u00e1cido glic\u00f3lico en verano:<\/strong> Utiliza el \u00e1cido glic\u00f3lico s\u00f3lo por la noche, evita las capas activas con otros irritantes, escucha las se\u00f1ales de tu piel e incorpora siempre FPS a tu rutina matutina.<\/li>\n\n\n\n<li><strong>Cu\u00e1ndo pausar el tratamiento glic\u00f3lico en verano:<\/strong> Omita el glic\u00f3lico si su piel est\u00e1 quemada por el sol, tiene calor o est\u00e1 estresada para dar tiempo a que se repare, asegurando que su piel permanezca sana y resistente.<\/li>\n<\/ul>\n<\/div><\/div>\n\n\n\n<p><\/p>","protected":false},"excerpt":{"rendered":"<p>You\u2019re cleansing, hydrating, and wearing sunscreen like second skin, but something shifts. Your face feels clogged, heavy, almost as if it\u2019s holding on to more than it needs. Pores look more visible and, before you know it, sun spots start to appear. It\u2019s not that your routine is wrong, but summer brings its own rhythm. [&hellip;]<\/p>","protected":false},"author":2,"featured_media":3209,"comment_status":"open","ping_status":"open","sticky":false,"template":"","format":"standard","meta":{"_acf_changed":false,"footnotes":""},"categories":[1],"tags":[],"class_list":["post-4057","post","type-post","status-publish","format-standard","has-post-thumbnail","hentry","category-uncategorized"],"acf":[],"aioseo_notices":[],"_links":{"self":[{"href":"https:\/\/sacracosmetics.com\/es\/wp-json\/wp\/v2\/posts\/4057","targetHints":{"allow":["GET"]}}],"collection":[{"href":"https:\/\/sacracosmetics.com\/es\/wp-json\/wp\/v2\/posts"}],"about":[{"href":"https:\/\/sacracosmetics.com\/es\/wp-json\/wp\/v2\/types\/post"}],"author":[{"embeddable":true,"href":"https:\/\/sacracosmetics.com\/es\/wp-json\/wp\/v2\/users\/2"}],"replies":[{"embeddable":true,"href":"https:\/\/sacracosmetics.com\/es\/wp-json\/wp\/v2\/comments?post=4057"}],"version-history":[{"count":3,"href":"https:\/\/sacracosmetics.com\/es\/wp-json\/wp\/v2\/posts\/4057\/revisions"}],"predecessor-version":[{"id":4071,"href":"https:\/\/sacracosmetics.com\/es\/wp-json\/wp\/v2\/posts\/4057\/revisions\/4071"}],"wp:featuredmedia":[{"embeddable":true,"href":"https:\/\/sacracosmetics.com\/es\/wp-json\/wp\/v2\/media\/3209"}],"wp:attachment":[{"href":"https:\/\/sacracosmetics.com\/es\/wp-json\/wp\/v2\/media?parent=4057"}],"wp:term":[{"taxonomy":"category","embeddable":true,"href":"https:\/\/sacracosmetics.com\/es\/wp-json\/wp\/v2\/categories?post=4057"},{"taxonomy":"post_tag","embeddable":true,"href":"https:\/\/sacracosmetics.com\/es\/wp-json\/wp\/v2\/tags?post=4057"}],"curies":[{"name":"wp","href":"https:\/\/api.w.org\/{rel}","templated":true}]}}