{"id":4061,"date":"2025-08-11T10:29:40","date_gmt":"2025-08-11T07:29:40","guid":{"rendered":"https:\/\/sacracosmetics.com\/?p=4061"},"modified":"2026-03-26T19:13:18","modified_gmt":"2026-03-26T17:13:18","slug":"5-mythes-sur-les-soins-de-la-peau-en-ete-a-oublier","status":"publish","type":"post","link":"https:\/\/sacracosmetics.com\/fr\/5-mythes-sur-les-soins-de-la-peau-en-ete-a-oublier\/","title":{"rendered":"5 mythes sur les soins de la peau pour l'\u00e9t\u00e9 que vous pouvez oublier"},"content":{"rendered":"<p>Pour les peaux sensibles au soleil, des routines plus simples signifient des journ\u00e9es d'\u00e9t\u00e9 plus insouciantes.<br>Chez SACRA, nous croyons aux soins fond\u00e9s sur la v\u00e9rit\u00e9. C'est pourquoi nous dissipons cinq mythes courants afin que vous puissiez prot\u00e9ger et nourrir votre peau en toute confiance tout au long de la saison.<\/p>\n\n\n\n<p><strong>1. \"On n'a pas besoin de cr\u00e8me hydratante quand il fait chaud\".<\/strong><br>Il est facile de penser que la peau reste hydrat\u00e9e en \u00e9t\u00e9. Pourtant, la chaleur, le soleil et l'air conditionn\u00e9 ont pour effet de retirer de l'humidit\u00e9 \u00e0 la peau. La couche corn\u00e9e, \u00e9galement appel\u00e9e barri\u00e8re cutan\u00e9e, est votre premi\u00e8re d\u00e9fense contre les polluants, les bact\u00e9ries, les rayons UV et la perte d'eau.<\/p>\n\n\n\n<p>Il est compos\u00e9 de :<\/p>\n\n\n\n<ul class=\"wp-block-list\">\n<li>Corn\u00e9ocytes (cellules mortes de la peau)<\/li>\n\n\n\n<li>Les lipides tels que les c\u00e9ramides, le cholest\u00e9rol et les acides gras<\/li>\n<\/ul>\n\n\n\n<p>Lorsque cette couche est saine, la peau est lisse et calme. En revanche, lorsqu'elle est endommag\u00e9e, elle peut tirailler, d\u00e9manger ou s'enflammer. Comme les UV et la chaleur affaiblissent la barri\u00e8re cutan\u00e9e, vous avez toujours besoin d'hydratation en \u00e9t\u00e9.<\/p>\n\n\n\n<p>C'est pourquoi il est judicieux de choisir des cr\u00e8mes hydratantes l\u00e9g\u00e8res ou des formules SPF contenant des humectants tels que le hyaluronate de sodium et la glyc\u00e9rine. Ils reconstituent la peau sans obstruer les pores.<br><\/p>\n\n\n\n<figure class=\"wp-block-image size-large\"><img decoding=\"async\" width=\"819\" height=\"1024\" src=\"https:\/\/sacracosmetics.com\/wp-content\/uploads\/2025\/07\/With-Product-Image-819x1024.png\" alt=\"\" class=\"wp-image-3999\" srcset=\"https:\/\/sacracosmetics.com\/wp-content\/uploads\/2025\/07\/With-Product-Image-819x1024.png 819w, https:\/\/sacracosmetics.com\/wp-content\/uploads\/2025\/07\/With-Product-Image-240x300.png 240w, https:\/\/sacracosmetics.com\/wp-content\/uploads\/2025\/07\/With-Product-Image-768x960.png 768w, https:\/\/sacracosmetics.com\/wp-content\/uploads\/2025\/07\/With-Product-Image-10x12.png 10w, https:\/\/sacracosmetics.com\/wp-content\/uploads\/2025\/07\/With-Product-Image-600x750.png 600w, https:\/\/sacracosmetics.com\/wp-content\/uploads\/2025\/07\/With-Product-Image.png 1080w\" sizes=\"(max-width: 819px) 100vw, 819px\" \/><figcaption class=\"wp-element-caption\">Vous pouvez le trouver <a href=\"https:\/\/sacracosmetics.com\/fr\/product\/creme-de-jour-elixir-intense-bio-regeneratrice\/\" target=\"_blank\" rel=\"noopener\" title=\"\">ICI. <\/a><\/figcaption><\/figure>\n\n\n\n<h3 class=\"wp-block-heading\"><strong>2. \"Le SPF doit \u00eatre appliqu\u00e9 en premier.<\/strong><br><strong>En fait, le SPF devrait \u00eatre la derni\u00e8re \u00e9tape de votre routine matinale. De cette mani\u00e8re, il scelle vos produits et offre la protection la plus efficace.<\/strong><\/h3>\n\n\n\n<p>Par exemple, notre cr\u00e8me de jour Elixir combine hydratation et filtres UV \u00e0 large spectre en une seule \u00e9tape soyeuse. Vous b\u00e9n\u00e9ficiez ainsi \u00e0 la fois d'une hydratation et d'une protection. Pour une protection suppl\u00e9mentaire, appliquez un SPF 50 apr\u00e8s votre soin.<\/p>\n\n\n\n<p class=\"translation-block\"><strong>3. \"Aucun SPF n'est n\u00e9cessaire par temps nuageux\" <\/strong><br>Bien que les nuages semblent bloquer les UV, <strong><a href=\"https:\/\/www.skincancer.org\/risk-factors\/sunburn\/?utm_source=chatgpt.com\" title=\"\" target=\"_self\">jusqu'\u00e0 80%<\/a><\/strong> des rayons atteignent toujours votre peau. Par cons\u00e9quent, les rayons UVA - li\u00e9s au vieillissement pr\u00e9matur\u00e9 - sont pr\u00e9sents tout au long de l'ann\u00e9e.<\/p>\n\n\n\n<p>C'est pourquoi aucun extrait de plante ne peut remplacer le SPF. Nous utilisons plut\u00f4t des filtres UV r\u00e9glement\u00e9s - octinoxate, avobenzone et octocryl\u00e8ne - associ\u00e9s \u00e0 des antioxydants tels que le curcuma et l'argousier pour une protection tout au long de la journ\u00e9e.<\/p>\n\n\n\n<p><strong>4. \"Les peptides seuls suffisent\".<\/strong><br>Les peptides sont puissants. Ils stimulent le collag\u00e8ne et renforcent la peau. Cependant, les peptides<strong>,<\/strong> ils ont besoin d'hydratation, d'antioxydants et de protection contre les UV pour donner des r\u00e9sultats durables<\/p>\n\n\n\n<p>C'est pourquoi notre cr\u00e8me de jour Elixir associe des peptides \u00e0 du hyaluronate de sodium, des antioxydants et des filtres \u00e0 large spectre. En cons\u00e9quence, la cr\u00e8me de jour Elixir<strong>,<\/strong> vous obtenez un syst\u00e8me complet de support de barri\u00e8res sans avoir \u00e0 transporter des produits \u00e0 n'en plus finir.<\/p>\n\n\n\n<p>Cet \u00e9t\u00e9, n'oubliez pas<\/p>\n\n\n\n<ul class=\"wp-block-list\">\n<li>Toujours s'hydrater, m\u00eame sous la chaleur<\/li>\n\n\n\n<li>Des produits qui ont une raison d'\u00eatre<\/li>\n\n\n\n<li>Porter un SPF tous les jours<\/li>\n\n\n\n<li>Associer des actifs doux \u00e0 la protection<\/li>\n<\/ul>\n\n\n\n<p>Parce que votre peau m\u00e9rite des rituels ancr\u00e9s dans la nature et soutenus par la science.<\/p>\n\n\n\n<p><\/p>\n\n\n\n<p><em>Photo principale par Fleur Kaan.<\/em><\/p>\n\n\n\n<p><\/p>","protected":false},"excerpt":{"rendered":"<p>For sun-sensitive skin, simpler routines mean more carefree summer days.At SACRA, we believe in care rooted in truth. That\u2019s why we\u2019re clearing up five common myths\u2014so you can protect and nourish your skin with confidence all season long. 1. \u201cYou don\u2019t need moisturiser when it\u2019s hot.\u201dIt\u2019s easy to think your skin stays hydrated in summer. [&hellip;]<\/p>","protected":false},"author":2,"featured_media":4558,"comment_status":"open","ping_status":"open","sticky":false,"template":"","format":"standard","meta":{"_acf_changed":false,"footnotes":""},"categories":[1],"tags":[],"class_list":["post-4061","post","type-post","status-publish","format-standard","has-post-thumbnail","hentry","category-uncategorized"],"acf":[],"aioseo_notices":[],"aioseo_head":"\n\t\t<!-- All in One SEO Pro 4.9.3 - aioseo.com -->\n\t<meta name=\"description\" content=\"Heat, UV, air conditioning, and even over-cleansing can weaken the stratum corneum, leading to dehydration and sensitivity.\" \/>\n\t<meta name=\"robots\" content=\"max-image-preview:large\" \/>\n\t<meta name=\"author\" content=\"Sacra Life\"\/>\n\t<link rel=\"canonical\" href=\"https:\/\/sacracosmetics.com\/fr\/5-mythes-sur-les-soins-de-la-peau-en-ete-a-oublier\/\" \/>\n\t<meta name=\"generator\" content=\"All in One SEO Pro (AIOSEO) 4.9.3\" \/>\n\t\t<meta property=\"og:locale\" content=\"fr_FR\" \/>\n\t\t<meta property=\"og:site_name\" content=\"Sacra Cosmetics -\" \/>\n\t\t<meta property=\"og:type\" content=\"article\" \/>\n\t\t<meta property=\"og:title\" content=\"5 Summer Skincare Myths You Can Forget - Sacra Cosmetics\" \/>\n\t\t<meta property=\"og:description\" content=\"Heat, UV, air conditioning, and even over-cleansing can weaken the stratum corneum, leading to dehydration and sensitivity.\" \/>\n\t\t<meta property=\"og:url\" content=\"https:\/\/sacracosmetics.com\/fr\/5-mythes-sur-les-soins-de-la-peau-en-ete-a-oublier\/\" \/>\n\t\t<meta property=\"article:published_time\" content=\"2025-08-11T07:29:40+00:00\" \/>\n\t\t<meta property=\"article:modified_time\" content=\"2026-03-26T17:13:18+00:00\" \/>\n\t\t<meta property=\"article:publisher\" content=\"https:\/\/www.facebook.com\/people\/Sacra\/61559924301009\/\" \/>\n\t\t<meta name=\"twitter:card\" content=\"summary_large_image\" \/>\n\t\t<meta name=\"twitter:title\" content=\"5 Summer Skincare Myths You Can Forget - Sacra Cosmetics\" \/>\n\t\t<meta name=\"twitter:description\" content=\"Heat, UV, air conditioning, and even over-cleansing can weaken the stratum corneum, leading to dehydration and sensitivity.\" \/>\n\t\t<script type=\"application\/ld+json\" class=\"aioseo-schema\">\n\t\t\t{\"@context\":\"https:\\\/\\\/schema.org\",\"@graph\":[{\"@type\":\"BlogPosting\",\"@id\":\"https:\\\/\\\/sacracosmetics.com\\\/fr\\\/5-mythes-sur-les-soins-de-la-peau-en-ete-a-oublier\\\/#blogposting\",\"name\":\"5 Summer Skincare Myths You Can Forget - Sacra Cosmetics\",\"headline\":\"5 Summer Skincare Myths You Can Forget\",\"author\":{\"@id\":\"https:\\\/\\\/sacracosmetics.com\\\/fr\\\/author\\\/sacra\\\/#author\"},\"publisher\":{\"@id\":\"https:\\\/\\\/sacracosmetics.com\\\/fr\\\/#organization\"},\"image\":{\"@type\":\"ImageObject\",\"url\":\"https:\\\/\\\/sacracosmetics.com\\\/wp-content\\\/uploads\\\/2025\\\/08\\\/fleur-kaan-w4Dj3MshHQ0-unsplash-scaled.jpg\",\"width\":2560,\"height\":1707},\"datePublished\":\"2025-08-11T10:29:40+03:00\",\"dateModified\":\"2026-03-26T19:13:18+02:00\",\"inLanguage\":\"fr-FR\",\"mainEntityOfPage\":{\"@id\":\"https:\\\/\\\/sacracosmetics.com\\\/fr\\\/5-mythes-sur-les-soins-de-la-peau-en-ete-a-oublier\\\/#webpage\"},\"isPartOf\":{\"@id\":\"https:\\\/\\\/sacracosmetics.com\\\/fr\\\/5-mythes-sur-les-soins-de-la-peau-en-ete-a-oublier\\\/#webpage\"},\"articleSection\":\"Uncategorized\"},{\"@type\":\"BreadcrumbList\",\"@id\":\"https:\\\/\\\/sacracosmetics.com\\\/fr\\\/5-mythes-sur-les-soins-de-la-peau-en-ete-a-oublier\\\/#breadcrumblist\",\"itemListElement\":[{\"@type\":\"ListItem\",\"@id\":\"https:\\\/\\\/sacracosmetics.com\\\/fr#listItem\",\"position\":1,\"name\":\"Home\",\"item\":\"https:\\\/\\\/sacracosmetics.com\\\/fr\",\"nextItem\":{\"@type\":\"ListItem\",\"@id\":\"https:\\\/\\\/sacracosmetics.com\\\/fr\\\/categorie\\\/non-classe\\\/#listItem\",\"name\":\"Uncategorized\"}},{\"@type\":\"ListItem\",\"@id\":\"https:\\\/\\\/sacracosmetics.com\\\/fr\\\/categorie\\\/non-classe\\\/#listItem\",\"position\":2,\"name\":\"Uncategorized\",\"item\":\"https:\\\/\\\/sacracosmetics.com\\\/fr\\\/categorie\\\/non-classe\\\/\",\"nextItem\":{\"@type\":\"ListItem\",\"@id\":\"https:\\\/\\\/sacracosmetics.com\\\/fr\\\/5-mythes-sur-les-soins-de-la-peau-en-ete-a-oublier\\\/#listItem\",\"name\":\"5 Summer Skincare Myths You Can Forget\"},\"previousItem\":{\"@type\":\"ListItem\",\"@id\":\"https:\\\/\\\/sacracosmetics.com\\\/fr#listItem\",\"name\":\"Home\"}},{\"@type\":\"ListItem\",\"@id\":\"https:\\\/\\\/sacracosmetics.com\\\/fr\\\/5-mythes-sur-les-soins-de-la-peau-en-ete-a-oublier\\\/#listItem\",\"position\":3,\"name\":\"5 Summer Skincare Myths You Can Forget\",\"previousItem\":{\"@type\":\"ListItem\",\"@id\":\"https:\\\/\\\/sacracosmetics.com\\\/fr\\\/categorie\\\/non-classe\\\/#listItem\",\"name\":\"Uncategorized\"}}]},{\"@type\":\"Organization\",\"@id\":\"https:\\\/\\\/sacracosmetics.com\\\/fr\\\/#organization\",\"name\":\"Sacra Cosmetics\",\"url\":\"https:\\\/\\\/sacracosmetics.com\\\/fr\\\/\",\"telephone\":\"+40770310183\",\"logo\":{\"@type\":\"ImageObject\",\"url\":\"https:\\\/\\\/sacracosmetics.com\\\/wp-content\\\/uploads\\\/2025\\\/06\\\/logo-500.png\",\"@id\":\"https:\\\/\\\/sacracosmetics.com\\\/fr\\\/5-mythes-sur-les-soins-de-la-peau-en-ete-a-oublier\\\/#organizationLogo\",\"width\":500,\"height\":500,\"caption\":\"Sacra Cosmetics\"},\"image\":{\"@id\":\"https:\\\/\\\/sacracosmetics.com\\\/fr\\\/5-mythes-sur-les-soins-de-la-peau-en-ete-a-oublier\\\/#organizationLogo\"},\"sameAs\":[\"https:\\\/\\\/www.facebook.com\\\/people\\\/Sacra\\\/61559924301009\\\/\",\"https:\\\/\\\/www.instagram.com\\\/sacra.cosmetics\\\/\"]},{\"@type\":\"Person\",\"@id\":\"https:\\\/\\\/sacracosmetics.com\\\/fr\\\/author\\\/sacra\\\/#author\",\"url\":\"https:\\\/\\\/sacracosmetics.com\\\/fr\\\/author\\\/sacra\\\/\",\"name\":\"Sacra Life\",\"image\":{\"@type\":\"ImageObject\",\"@id\":\"https:\\\/\\\/sacracosmetics.com\\\/fr\\\/5-mythes-sur-les-soins-de-la-peau-en-ete-a-oublier\\\/#authorImage\",\"url\":\"https:\\\/\\\/secure.gravatar.com\\\/avatar\\\/ef96bc8bcd833bdfad03ccdefd47a4bac8284cbaf641da5f41eba686ef7712d3?s=96&d=mm&r=g\",\"width\":96,\"height\":96,\"caption\":\"Sacra Life\"}},{\"@type\":\"WebPage\",\"@id\":\"https:\\\/\\\/sacracosmetics.com\\\/fr\\\/5-mythes-sur-les-soins-de-la-peau-en-ete-a-oublier\\\/#webpage\",\"url\":\"https:\\\/\\\/sacracosmetics.com\\\/fr\\\/5-mythes-sur-les-soins-de-la-peau-en-ete-a-oublier\\\/\",\"name\":\"5 Summer Skincare Myths You Can Forget - Sacra Cosmetics\",\"description\":\"Heat, UV, air conditioning, and even over-cleansing can weaken the stratum corneum, leading to dehydration and sensitivity.\",\"inLanguage\":\"fr-FR\",\"isPartOf\":{\"@id\":\"https:\\\/\\\/sacracosmetics.com\\\/fr\\\/#website\"},\"breadcrumb\":{\"@id\":\"https:\\\/\\\/sacracosmetics.com\\\/fr\\\/5-mythes-sur-les-soins-de-la-peau-en-ete-a-oublier\\\/#breadcrumblist\"},\"author\":{\"@id\":\"https:\\\/\\\/sacracosmetics.com\\\/fr\\\/author\\\/sacra\\\/#author\"},\"creator\":{\"@id\":\"https:\\\/\\\/sacracosmetics.com\\\/fr\\\/author\\\/sacra\\\/#author\"},\"image\":{\"@type\":\"ImageObject\",\"url\":\"https:\\\/\\\/sacracosmetics.com\\\/wp-content\\\/uploads\\\/2025\\\/08\\\/fleur-kaan-w4Dj3MshHQ0-unsplash-scaled.jpg\",\"@id\":\"https:\\\/\\\/sacracosmetics.com\\\/fr\\\/5-mythes-sur-les-soins-de-la-peau-en-ete-a-oublier\\\/#mainImage\",\"width\":2560,\"height\":1707},\"primaryImageOfPage\":{\"@id\":\"https:\\\/\\\/sacracosmetics.com\\\/fr\\\/5-mythes-sur-les-soins-de-la-peau-en-ete-a-oublier\\\/#mainImage\"},\"datePublished\":\"2025-08-11T10:29:40+03:00\",\"dateModified\":\"2026-03-26T19:13:18+02:00\"},{\"@type\":\"WebSite\",\"@id\":\"https:\\\/\\\/sacracosmetics.com\\\/fr\\\/#website\",\"url\":\"https:\\\/\\\/sacracosmetics.com\\\/fr\\\/\",\"name\":\"Sacra Cosmetics\",\"inLanguage\":\"fr-FR\",\"publisher\":{\"@id\":\"https:\\\/\\\/sacracosmetics.com\\\/fr\\\/#organization\"}}]}\n\t\t<\/script>\n\t\t<!-- All in One SEO Pro -->\r\n\t\t<title>5 Summer Skincare Myths You Can Forget - Sacra Cosmetics<\/title>\n\n","aioseo_head_json":{"title":"5 mythes sur les soins de la peau pour l'\u00e9t\u00e9 que vous pouvez oublier - Sacra Cosmetics","description":"La chaleur, les UV, l'air conditionn\u00e9 et m\u00eame un nettoyage excessif peuvent affaiblir la couche corn\u00e9e, entra\u00eenant une d\u00e9shydratation et une sensibilit\u00e9.","canonical_url":"https:\/\/sacracosmetics.com\/fr\/5-mythes-sur-les-soins-de-la-peau-en-ete-a-oublier\/","robots":"max-image-preview:large","keywords":"","webmasterTools":{"miscellaneous":""},"schema":{"@context":"https:\/\/schema.org","@graph":[{"@type":"BlogPosting","@id":"https:\/\/sacracosmetics.com\/fr\/5-mythes-sur-les-soins-de-la-peau-en-ete-a-oublier\/#blogposting","name":"5 Summer Skincare Myths You Can Forget - Sacra Cosmetics","headline":"5 Summer Skincare Myths You Can Forget","author":{"@id":"https:\/\/sacracosmetics.com\/fr\/author\/sacra\/#author"},"publisher":{"@id":"https:\/\/sacracosmetics.com\/fr\/#organization"},"image":{"@type":"ImageObject","url":"https:\/\/sacracosmetics.com\/wp-content\/uploads\/2025\/08\/fleur-kaan-w4Dj3MshHQ0-unsplash-scaled.jpg","width":2560,"height":1707},"datePublished":"2025-08-11T10:29:40+03:00","dateModified":"2026-03-26T19:13:18+02:00","inLanguage":"fr-FR","mainEntityOfPage":{"@id":"https:\/\/sacracosmetics.com\/fr\/5-mythes-sur-les-soins-de-la-peau-en-ete-a-oublier\/#webpage"},"isPartOf":{"@id":"https:\/\/sacracosmetics.com\/fr\/5-mythes-sur-les-soins-de-la-peau-en-ete-a-oublier\/#webpage"},"articleSection":"Uncategorized"},{"@type":"BreadcrumbList","@id":"https:\/\/sacracosmetics.com\/fr\/5-mythes-sur-les-soins-de-la-peau-en-ete-a-oublier\/#breadcrumblist","itemListElement":[{"@type":"ListItem","@id":"https:\/\/sacracosmetics.com\/fr#listItem","position":1,"name":"Home","item":"https:\/\/sacracosmetics.com\/fr","nextItem":{"@type":"ListItem","@id":"https:\/\/sacracosmetics.com\/fr\/categorie\/non-classe\/#listItem","name":"Uncategorized"}},{"@type":"ListItem","@id":"https:\/\/sacracosmetics.com\/fr\/categorie\/non-classe\/#listItem","position":2,"name":"Uncategorized","item":"https:\/\/sacracosmetics.com\/fr\/categorie\/non-classe\/","nextItem":{"@type":"ListItem","@id":"https:\/\/sacracosmetics.com\/fr\/5-mythes-sur-les-soins-de-la-peau-en-ete-a-oublier\/#listItem","name":"5 Summer Skincare Myths You Can Forget"},"previousItem":{"@type":"ListItem","@id":"https:\/\/sacracosmetics.com\/fr#listItem","name":"Home"}},{"@type":"ListItem","@id":"https:\/\/sacracosmetics.com\/fr\/5-mythes-sur-les-soins-de-la-peau-en-ete-a-oublier\/#listItem","position":3,"name":"5 Summer Skincare Myths You Can Forget","previousItem":{"@type":"ListItem","@id":"https:\/\/sacracosmetics.com\/fr\/categorie\/non-classe\/#listItem","name":"Uncategorized"}}]},{"@type":"Organization","@id":"https:\/\/sacracosmetics.com\/fr\/#organization","name":"Sacra Cosmetics","url":"https:\/\/sacracosmetics.com\/fr\/","telephone":"+40770310183","logo":{"@type":"ImageObject","url":"https:\/\/sacracosmetics.com\/wp-content\/uploads\/2025\/06\/logo-500.png","@id":"https:\/\/sacracosmetics.com\/fr\/5-mythes-sur-les-soins-de-la-peau-en-ete-a-oublier\/#organizationLogo","width":500,"height":500,"caption":"Sacra Cosmetics"},"image":{"@id":"https:\/\/sacracosmetics.com\/fr\/5-mythes-sur-les-soins-de-la-peau-en-ete-a-oublier\/#organizationLogo"},"sameAs":["https:\/\/www.facebook.com\/people\/Sacra\/61559924301009\/","https:\/\/www.instagram.com\/sacra.cosmetics\/"]},{"@type":"Person","@id":"https:\/\/sacracosmetics.com\/fr\/author\/sacra\/#author","url":"https:\/\/sacracosmetics.com\/fr\/author\/sacra\/","name":"Sacra Life","image":{"@type":"ImageObject","@id":"https:\/\/sacracosmetics.com\/fr\/5-mythes-sur-les-soins-de-la-peau-en-ete-a-oublier\/#authorImage","url":"https:\/\/secure.gravatar.com\/avatar\/ef96bc8bcd833bdfad03ccdefd47a4bac8284cbaf641da5f41eba686ef7712d3?s=96&d=mm&r=g","width":96,"height":96,"caption":"Sacra Life"}},{"@type":"WebPage","@id":"https:\/\/sacracosmetics.com\/fr\/5-mythes-sur-les-soins-de-la-peau-en-ete-a-oublier\/#webpage","url":"https:\/\/sacracosmetics.com\/fr\/5-mythes-sur-les-soins-de-la-peau-en-ete-a-oublier\/","name":"5 Summer Skincare Myths You Can Forget - Sacra Cosmetics","description":"Heat, UV, air conditioning, and even over-cleansing can weaken the stratum corneum, leading to dehydration and sensitivity.","inLanguage":"fr-FR","isPartOf":{"@id":"https:\/\/sacracosmetics.com\/fr\/#website"},"breadcrumb":{"@id":"https:\/\/sacracosmetics.com\/fr\/5-mythes-sur-les-soins-de-la-peau-en-ete-a-oublier\/#breadcrumblist"},"author":{"@id":"https:\/\/sacracosmetics.com\/fr\/author\/sacra\/#author"},"creator":{"@id":"https:\/\/sacracosmetics.com\/fr\/author\/sacra\/#author"},"image":{"@type":"ImageObject","url":"https:\/\/sacracosmetics.com\/wp-content\/uploads\/2025\/08\/fleur-kaan-w4Dj3MshHQ0-unsplash-scaled.jpg","@id":"https:\/\/sacracosmetics.com\/fr\/5-mythes-sur-les-soins-de-la-peau-en-ete-a-oublier\/#mainImage","width":2560,"height":1707},"primaryImageOfPage":{"@id":"https:\/\/sacracosmetics.com\/fr\/5-mythes-sur-les-soins-de-la-peau-en-ete-a-oublier\/#mainImage"},"datePublished":"2025-08-11T10:29:40+03:00","dateModified":"2026-03-26T19:13:18+02:00"},{"@type":"WebSite","@id":"https:\/\/sacracosmetics.com\/fr\/#website","url":"https:\/\/sacracosmetics.com\/fr\/","name":"Sacra Cosmetics","inLanguage":"fr-FR","publisher":{"@id":"https:\/\/sacracosmetics.com\/fr\/#organization"}}]},"og:locale":"fr_FR","og:site_name":"Sacra Cosmetics -","og:type":"article","og:title":"5 Summer Skincare Myths You Can Forget - Sacra Cosmetics","og:description":"Heat, UV, air conditioning, and even over-cleansing can weaken the stratum corneum, leading to dehydration and sensitivity.","og:url":"https:\/\/sacracosmetics.com\/fr\/5-mythes-sur-les-soins-de-la-peau-en-ete-a-oublier\/","article:published_time":"2025-08-11T07:29:40+00:00","article:modified_time":"2026-03-26T17:13:18+00:00","article:publisher":"https:\/\/www.facebook.com\/people\/Sacra\/61559924301009\/","twitter:card":"summary_large_image","twitter:title":"5 Summer Skincare Myths You Can Forget - Sacra Cosmetics","twitter:description":"Heat, UV, air conditioning, and even over-cleansing can weaken the stratum corneum, leading to dehydration and sensitivity."},"aioseo_meta_data":{"post_id":"4061","title":null,"description":"La chaleur, les UV, l'air conditionn\u00e9 et m\u00eame un nettoyage excessif peuvent affaiblir la couche corn\u00e9e, entra\u00eenant une d\u00e9shydratation et une sensibilit\u00e9.","keywords":null,"keyphrases":{"focus":{"keyphrase":"","score":0,"analysis":{"keyphraseInTitle":{"score":0,"maxScore":9,"error":1}}},"additional":[]},"primary_term":null,"canonical_url":null,"og_title":null,"og_description":null,"og_object_type":"default","og_image_type":"default","og_image_url":null,"og_image_width":null,"og_image_height":null,"og_image_custom_url":null,"og_image_custom_fields":null,"og_video":"","og_custom_url":null,"og_article_section":null,"og_article_tags":null,"twitter_use_og":false,"twitter_card":"default","twitter_image_type":"default","twitter_image_url":null,"twitter_image_custom_url":null,"twitter_image_custom_fields":null,"twitter_title":null,"twitter_description":null,"schema":{"blockGraphs":[],"customGraphs":[],"default":{"data":{"Article":[],"Course":[],"Dataset":[],"FAQPage":[],"Movie":[],"Person":[],"Product":[],"ProductReview":[],"Car":[],"Recipe":[],"Service":[],"SoftwareApplication":[],"WebPage":[]},"graphName":"BlogPosting","isEnabled":true},"graphs":[]},"schema_type":"default","schema_type_options":null,"pillar_content":false,"robots_default":true,"robots_noindex":false,"robots_noarchive":false,"robots_nosnippet":false,"robots_nofollow":false,"robots_noimageindex":false,"robots_noodp":false,"robots_notranslate":false,"robots_max_snippet":"-1","robots_max_videopreview":"-1","robots_max_imagepreview":"large","priority":null,"frequency":"default","local_seo":null,"seo_analyzer_scan_date":"2026-03-26 17:24:40","breadcrumb_settings":null,"limit_modified_date":false,"reviewed_by":null,"open_ai":null,"ai":{"faqs":[],"keyPoints":[],"titles":[],"descriptions":[],"socialPosts":{"email":[],"linkedin":[],"twitter":[],"facebook":[],"instagram":[]}},"created":"2025-08-11 07:29:41","updated":"2026-03-26 17:24:40"},"aioseo_breadcrumb":"<div class=\"aioseo-breadcrumbs\"><span class=\"aioseo-breadcrumb\">\n\t<a href=\"https:\/\/sacracosmetics.com\/fr\" title=\"Home\">Home<\/a>\n<\/span><span class=\"aioseo-breadcrumb-separator\">&raquo;<\/span><span class=\"aioseo-breadcrumb\">\n\t<a href=\"https:\/\/sacracosmetics.com\/fr\/categorie\/non-classe\/\" title=\"Uncategorized\">Uncategorized<\/a>\n<\/span><span class=\"aioseo-breadcrumb-separator\">&raquo;<\/span><span class=\"aioseo-breadcrumb\">\n\t5 Summer Skincare Myths You Can Forget\n<\/span><\/div>","aioseo_breadcrumb_json":[{"label":"Home","link":"https:\/\/sacracosmetics.com\/fr"},{"label":"Uncategorized","link":"https:\/\/sacracosmetics.com\/fr\/categorie\/non-classe\/"},{"label":"5 Summer Skincare Myths You Can Forget","link":"https:\/\/sacracosmetics.com\/fr\/5-mythes-sur-les-soins-de-la-peau-en-ete-a-oublier\/"}],"_links":{"self":[{"href":"https:\/\/sacracosmetics.com\/fr\/wp-json\/wp\/v2\/posts\/4061","targetHints":{"allow":["GET"]}}],"collection":[{"href":"https:\/\/sacracosmetics.com\/fr\/wp-json\/wp\/v2\/posts"}],"about":[{"href":"https:\/\/sacracosmetics.com\/fr\/wp-json\/wp\/v2\/types\/post"}],"author":[{"embeddable":true,"href":"https:\/\/sacracosmetics.com\/fr\/wp-json\/wp\/v2\/users\/2"}],"replies":[{"embeddable":true,"href":"https:\/\/sacracosmetics.com\/fr\/wp-json\/wp\/v2\/comments?post=4061"}],"version-history":[{"count":3,"href":"https:\/\/sacracosmetics.com\/fr\/wp-json\/wp\/v2\/posts\/4061\/revisions"}],"predecessor-version":[{"id":4560,"href":"https:\/\/sacracosmetics.com\/fr\/wp-json\/wp\/v2\/posts\/4061\/revisions\/4560"}],"wp:featuredmedia":[{"embeddable":true,"href":"https:\/\/sacracosmetics.com\/fr\/wp-json\/wp\/v2\/media\/4558"}],"wp:attachment":[{"href":"https:\/\/sacracosmetics.com\/fr\/wp-json\/wp\/v2\/media?parent=4061"}],"wp:term":[{"taxonomy":"category","embeddable":true,"href":"https:\/\/sacracosmetics.com\/fr\/wp-json\/wp\/v2\/categories?post=4061"},{"taxonomy":"post_tag","embeddable":true,"href":"https:\/\/sacracosmetics.com\/fr\/wp-json\/wp\/v2\/tags?post=4061"}],"curies":[{"name":"wp","href":"https:\/\/api.w.org\/{rel}","templated":true}]}}