{"id":4061,"date":"2025-08-11T10:29:40","date_gmt":"2025-08-11T07:29:40","guid":{"rendered":"https:\/\/sacracosmetics.com\/?p=4061"},"modified":"2026-03-26T19:13:18","modified_gmt":"2026-03-26T17:13:18","slug":"5-miti-sulla-cura-della-pelle-in-estate-da-dimenticare","status":"publish","type":"post","link":"https:\/\/sacracosmetics.com\/it\/5-miti-sulla-cura-della-pelle-in-estate-da-dimenticare\/","title":{"rendered":"5 miti estivi sulla cura della pelle da dimenticare"},"content":{"rendered":"<p>Per la pelle sensibile al sole, una routine pi\u00f9 semplice significa giornate estive pi\u00f9 spensierate.<br>Noi di SACRA crediamo in una cura radicata nella verit\u00e0. Per questo motivo, vogliamo sfatare cinque miti comuni, in modo che possiate proteggere e nutrire la vostra pelle con fiducia per tutta la stagione.<\/p>\n\n\n\n<p><strong>1. \"Non serve la crema idratante quando fa caldo\".<\/strong><br>\u00c8 facile pensare che la pelle rimanga idratata in estate. Tuttavia, il caldo, il sole e l'aria condizionata sottraggono idratazione alla pelle. Lo strato corneo, chiamato anche barriera cutanea, \u00e8 la prima difesa contro gli agenti inquinanti, i batteri, i raggi UV e la perdita di acqua.<\/p>\n\n\n\n<p>\u00c8 fatto di:<\/p>\n\n\n\n<ul class=\"wp-block-list\">\n<li>Corneociti (cellule morte della pelle)<\/li>\n\n\n\n<li>Lipidi quali ceramidi, colesterolo e acidi grassi<\/li>\n<\/ul>\n\n\n\n<p>Quando questo strato \u00e8 sano, la pelle \u00e8 liscia e tranquilla. Ma quando \u00e8 danneggiata, pu\u00f2 sembrare tesa, pruriginosa o infiammata. Poich\u00e9 i raggi UV e il calore indeboliscono la barriera, in estate \u00e8 comunque necessario idratarsi.<\/p>\n\n\n\n<p>Ecco perch\u00e9 la scelta di creme idratanti leggere o di formule SPF con umettanti come lo ialuronato di sodio e la glicerina \u00e8 sensata. Reintegrano senza ostruire i pori.<br><\/p>\n\n\n\n<figure class=\"wp-block-image size-large\"><img decoding=\"async\" width=\"819\" height=\"1024\" src=\"https:\/\/sacracosmetics.com\/wp-content\/uploads\/2025\/07\/With-Product-Image-819x1024.png\" alt=\"\" class=\"wp-image-3999\" srcset=\"https:\/\/sacracosmetics.com\/wp-content\/uploads\/2025\/07\/With-Product-Image-819x1024.png 819w, https:\/\/sacracosmetics.com\/wp-content\/uploads\/2025\/07\/With-Product-Image-240x300.png 240w, https:\/\/sacracosmetics.com\/wp-content\/uploads\/2025\/07\/With-Product-Image-768x960.png 768w, https:\/\/sacracosmetics.com\/wp-content\/uploads\/2025\/07\/With-Product-Image-10x12.png 10w, https:\/\/sacracosmetics.com\/wp-content\/uploads\/2025\/07\/With-Product-Image-600x750.png 600w, https:\/\/sacracosmetics.com\/wp-content\/uploads\/2025\/07\/With-Product-Image.png 1080w\" sizes=\"(max-width: 819px) 100vw, 819px\" \/><figcaption class=\"wp-element-caption\">Potete trovarlo <a href=\"https:\/\/sacracosmetics.com\/it\/product\/elisir-crema-giorno-bio-rigenerante-intensa\/\" target=\"_blank\" rel=\"noopener\" title=\"\">QUI. <\/a><\/figcaption><\/figure>\n\n\n\n<h3 class=\"wp-block-heading\"><strong>2. \"L'SPF dovrebbe essere applicato per primo\".<\/strong><br><strong>In effetti, l'SPF dovrebbe essere l'ultimo passo della vostra routine mattutina. In questo modo, sigilla i prodotti e fornisce la protezione pi\u00f9 efficace.<\/strong><\/h3>\n\n\n\n<p>Ad esempio, la nostra Crema da giorno Elixir combina idratazione e filtri UV ad ampio spettro in un unico e setoso passaggio. In questo modo si ottiene sia l'idratazione che la difesa. Per una maggiore protezione, applicare un SPF 50 dopo il trattamento.<\/p>\n\n\n\n<p class=\"translation-block\"><strong>3. \"Non \u00e8 necessario l'SPF nei giorni nuvolosi.\"<\/strong><br>Anche se le nuvole sembrano bloccare i raggi UV, <strong><a href=\"https:\/\/www.skincancer.org\/risk-factors\/sunburn\/?utm_source=chatgpt.com\" title=\"\" target=\"_self\">fino a 80%<\/a><\/strong> di raggi raggiungono comunque la pelle. Pertanto, i raggi UVA, legati all'invecchiamento precoce, sono presenti tutto l'anno.<\/p>\n\n\n\n<p>Ecco perch\u00e9 nessun estratto vegetale pu\u00f2 sostituire l'SPF. Al contrario, utilizziamo filtri UV regolamentati, come l'ottinoxato, l'avobenzone e l'octocrilene, insieme ad antiossidanti come la curcuma e l'olivello spinoso, per una difesa che dura tutto il giorno.<\/p>\n\n\n\n<p><strong>4. \"I peptidi da soli sono sufficienti\".<\/strong><br>I peptidi sono potenti. Aumentano il collagene e rafforzano la pelle. Tuttavia<strong>,<\/strong> hanno bisogno di idratazione, antiossidanti e protezione UV per dare risultati duraturi.<\/p>\n\n\n\n<p>Per questo motivo, la nostra Elixir Day Cream unisce i peptidi allo ialuronato di sodio, agli antiossidanti e ai filtri ad ampio spettro. Quindi<strong>,<\/strong> si ottiene un sistema completo di supporto alla barriera senza dover trasportare un numero infinito di prodotti.<\/p>\n\n\n\n<p>Quest'estate, ricordate<\/p>\n\n\n\n<ul class=\"wp-block-list\">\n<li>Idratarsi sempre, anche con il caldo<\/li>\n\n\n\n<li>Stratificate i vostri prodotti con uno scopo<\/li>\n\n\n\n<li>Indossare SPF ogni giorno<\/li>\n\n\n\n<li>Abbinare attivi delicati e protezione<\/li>\n<\/ul>\n\n\n\n<p>Perch\u00e9 la tua pelle merita rituali radicati nella natura e supportati dalla scienza.<\/p>\n\n\n\n<p><\/p>\n\n\n\n<p><em>Foto principale di Fleur Kaan.<\/em><\/p>\n\n\n\n<p><\/p>","protected":false},"excerpt":{"rendered":"<p>For sun-sensitive skin, simpler routines mean more carefree summer days.At SACRA, we believe in care rooted in truth. That\u2019s why we\u2019re clearing up five common myths\u2014so you can protect and nourish your skin with confidence all season long. 1. \u201cYou don\u2019t need moisturiser when it\u2019s hot.\u201dIt\u2019s easy to think your skin stays hydrated in summer. [&hellip;]<\/p>","protected":false},"author":2,"featured_media":4558,"comment_status":"open","ping_status":"open","sticky":false,"template":"","format":"standard","meta":{"_acf_changed":false,"footnotes":""},"categories":[1],"tags":[],"class_list":["post-4061","post","type-post","status-publish","format-standard","has-post-thumbnail","hentry","category-uncategorized"],"acf":[],"aioseo_notices":[],"aioseo_head":"\n\t\t<!-- All in One SEO Pro 4.9.3 - aioseo.com -->\n\t<meta name=\"description\" content=\"Heat, UV, air conditioning, and even over-cleansing can weaken the stratum corneum, leading to dehydration and sensitivity.\" \/>\n\t<meta name=\"robots\" content=\"max-image-preview:large\" \/>\n\t<meta name=\"author\" content=\"Sacra Life\"\/>\n\t<link rel=\"canonical\" href=\"https:\/\/sacracosmetics.com\/it\/5-miti-sulla-cura-della-pelle-in-estate-da-dimenticare\/\" \/>\n\t<meta name=\"generator\" content=\"All in One SEO Pro (AIOSEO) 4.9.3\" \/>\n\t\t<meta property=\"og:locale\" content=\"it_IT\" \/>\n\t\t<meta property=\"og:site_name\" content=\"Sacra Cosmetics -\" \/>\n\t\t<meta property=\"og:type\" content=\"article\" \/>\n\t\t<meta property=\"og:title\" content=\"5 Summer Skincare Myths You Can Forget - Sacra Cosmetics\" \/>\n\t\t<meta property=\"og:description\" content=\"Heat, UV, air conditioning, and even over-cleansing can weaken the stratum corneum, leading to dehydration and sensitivity.\" \/>\n\t\t<meta property=\"og:url\" content=\"https:\/\/sacracosmetics.com\/it\/5-miti-sulla-cura-della-pelle-in-estate-da-dimenticare\/\" \/>\n\t\t<meta property=\"article:published_time\" content=\"2025-08-11T07:29:40+00:00\" \/>\n\t\t<meta property=\"article:modified_time\" content=\"2026-03-26T17:13:18+00:00\" \/>\n\t\t<meta property=\"article:publisher\" content=\"https:\/\/www.facebook.com\/people\/Sacra\/61559924301009\/\" \/>\n\t\t<meta name=\"twitter:card\" content=\"summary_large_image\" \/>\n\t\t<meta name=\"twitter:title\" content=\"5 Summer Skincare Myths You Can Forget - Sacra Cosmetics\" \/>\n\t\t<meta name=\"twitter:description\" content=\"Heat, UV, air conditioning, and even over-cleansing can weaken the stratum corneum, leading to dehydration and sensitivity.\" \/>\n\t\t<script type=\"application\/ld+json\" class=\"aioseo-schema\">\n\t\t\t{\"@context\":\"https:\\\/\\\/schema.org\",\"@graph\":[{\"@type\":\"BlogPosting\",\"@id\":\"https:\\\/\\\/sacracosmetics.com\\\/it\\\/5-miti-sulla-cura-della-pelle-in-estate-da-dimenticare\\\/#blogposting\",\"name\":\"5 Summer Skincare Myths You Can Forget - Sacra Cosmetics\",\"headline\":\"5 Summer Skincare Myths You Can Forget\",\"author\":{\"@id\":\"https:\\\/\\\/sacracosmetics.com\\\/it\\\/author\\\/sacra\\\/#author\"},\"publisher\":{\"@id\":\"https:\\\/\\\/sacracosmetics.com\\\/it\\\/#organization\"},\"image\":{\"@type\":\"ImageObject\",\"url\":\"https:\\\/\\\/sacracosmetics.com\\\/wp-content\\\/uploads\\\/2025\\\/08\\\/fleur-kaan-w4Dj3MshHQ0-unsplash-scaled.jpg\",\"width\":2560,\"height\":1707},\"datePublished\":\"2025-08-11T10:29:40+03:00\",\"dateModified\":\"2026-03-26T19:13:18+02:00\",\"inLanguage\":\"it-IT\",\"mainEntityOfPage\":{\"@id\":\"https:\\\/\\\/sacracosmetics.com\\\/it\\\/5-miti-sulla-cura-della-pelle-in-estate-da-dimenticare\\\/#webpage\"},\"isPartOf\":{\"@id\":\"https:\\\/\\\/sacracosmetics.com\\\/it\\\/5-miti-sulla-cura-della-pelle-in-estate-da-dimenticare\\\/#webpage\"},\"articleSection\":\"Uncategorized\"},{\"@type\":\"BreadcrumbList\",\"@id\":\"https:\\\/\\\/sacracosmetics.com\\\/it\\\/5-miti-sulla-cura-della-pelle-in-estate-da-dimenticare\\\/#breadcrumblist\",\"itemListElement\":[{\"@type\":\"ListItem\",\"@id\":\"https:\\\/\\\/sacracosmetics.com\\\/it#listItem\",\"position\":1,\"name\":\"Home\",\"item\":\"https:\\\/\\\/sacracosmetics.com\\\/it\",\"nextItem\":{\"@type\":\"ListItem\",\"@id\":\"https:\\\/\\\/sacracosmetics.com\\\/it\\\/categoria\\\/non-classificato\\\/#listItem\",\"name\":\"Uncategorized\"}},{\"@type\":\"ListItem\",\"@id\":\"https:\\\/\\\/sacracosmetics.com\\\/it\\\/categoria\\\/non-classificato\\\/#listItem\",\"position\":2,\"name\":\"Uncategorized\",\"item\":\"https:\\\/\\\/sacracosmetics.com\\\/it\\\/categoria\\\/non-classificato\\\/\",\"nextItem\":{\"@type\":\"ListItem\",\"@id\":\"https:\\\/\\\/sacracosmetics.com\\\/it\\\/5-miti-sulla-cura-della-pelle-in-estate-da-dimenticare\\\/#listItem\",\"name\":\"5 Summer Skincare Myths You Can Forget\"},\"previousItem\":{\"@type\":\"ListItem\",\"@id\":\"https:\\\/\\\/sacracosmetics.com\\\/it#listItem\",\"name\":\"Home\"}},{\"@type\":\"ListItem\",\"@id\":\"https:\\\/\\\/sacracosmetics.com\\\/it\\\/5-miti-sulla-cura-della-pelle-in-estate-da-dimenticare\\\/#listItem\",\"position\":3,\"name\":\"5 Summer Skincare Myths You Can Forget\",\"previousItem\":{\"@type\":\"ListItem\",\"@id\":\"https:\\\/\\\/sacracosmetics.com\\\/it\\\/categoria\\\/non-classificato\\\/#listItem\",\"name\":\"Uncategorized\"}}]},{\"@type\":\"Organization\",\"@id\":\"https:\\\/\\\/sacracosmetics.com\\\/it\\\/#organization\",\"name\":\"Sacra Cosmetics\",\"url\":\"https:\\\/\\\/sacracosmetics.com\\\/it\\\/\",\"telephone\":\"+40770310183\",\"logo\":{\"@type\":\"ImageObject\",\"url\":\"https:\\\/\\\/sacracosmetics.com\\\/wp-content\\\/uploads\\\/2025\\\/06\\\/logo-500.png\",\"@id\":\"https:\\\/\\\/sacracosmetics.com\\\/it\\\/5-miti-sulla-cura-della-pelle-in-estate-da-dimenticare\\\/#organizationLogo\",\"width\":500,\"height\":500,\"caption\":\"Sacra Cosmetics\"},\"image\":{\"@id\":\"https:\\\/\\\/sacracosmetics.com\\\/it\\\/5-miti-sulla-cura-della-pelle-in-estate-da-dimenticare\\\/#organizationLogo\"},\"sameAs\":[\"https:\\\/\\\/www.facebook.com\\\/people\\\/Sacra\\\/61559924301009\\\/\",\"https:\\\/\\\/www.instagram.com\\\/sacra.cosmetics\\\/\"]},{\"@type\":\"Person\",\"@id\":\"https:\\\/\\\/sacracosmetics.com\\\/it\\\/author\\\/sacra\\\/#author\",\"url\":\"https:\\\/\\\/sacracosmetics.com\\\/it\\\/author\\\/sacra\\\/\",\"name\":\"Sacra Life\",\"image\":{\"@type\":\"ImageObject\",\"@id\":\"https:\\\/\\\/sacracosmetics.com\\\/it\\\/5-miti-sulla-cura-della-pelle-in-estate-da-dimenticare\\\/#authorImage\",\"url\":\"https:\\\/\\\/secure.gravatar.com\\\/avatar\\\/ef96bc8bcd833bdfad03ccdefd47a4bac8284cbaf641da5f41eba686ef7712d3?s=96&d=mm&r=g\",\"width\":96,\"height\":96,\"caption\":\"Sacra Life\"}},{\"@type\":\"WebPage\",\"@id\":\"https:\\\/\\\/sacracosmetics.com\\\/it\\\/5-miti-sulla-cura-della-pelle-in-estate-da-dimenticare\\\/#webpage\",\"url\":\"https:\\\/\\\/sacracosmetics.com\\\/it\\\/5-miti-sulla-cura-della-pelle-in-estate-da-dimenticare\\\/\",\"name\":\"5 Summer Skincare Myths You Can Forget - Sacra Cosmetics\",\"description\":\"Heat, UV, air conditioning, and even over-cleansing can weaken the stratum corneum, leading to dehydration and sensitivity.\",\"inLanguage\":\"it-IT\",\"isPartOf\":{\"@id\":\"https:\\\/\\\/sacracosmetics.com\\\/it\\\/#website\"},\"breadcrumb\":{\"@id\":\"https:\\\/\\\/sacracosmetics.com\\\/it\\\/5-miti-sulla-cura-della-pelle-in-estate-da-dimenticare\\\/#breadcrumblist\"},\"author\":{\"@id\":\"https:\\\/\\\/sacracosmetics.com\\\/it\\\/author\\\/sacra\\\/#author\"},\"creator\":{\"@id\":\"https:\\\/\\\/sacracosmetics.com\\\/it\\\/author\\\/sacra\\\/#author\"},\"image\":{\"@type\":\"ImageObject\",\"url\":\"https:\\\/\\\/sacracosmetics.com\\\/wp-content\\\/uploads\\\/2025\\\/08\\\/fleur-kaan-w4Dj3MshHQ0-unsplash-scaled.jpg\",\"@id\":\"https:\\\/\\\/sacracosmetics.com\\\/it\\\/5-miti-sulla-cura-della-pelle-in-estate-da-dimenticare\\\/#mainImage\",\"width\":2560,\"height\":1707},\"primaryImageOfPage\":{\"@id\":\"https:\\\/\\\/sacracosmetics.com\\\/it\\\/5-miti-sulla-cura-della-pelle-in-estate-da-dimenticare\\\/#mainImage\"},\"datePublished\":\"2025-08-11T10:29:40+03:00\",\"dateModified\":\"2026-03-26T19:13:18+02:00\"},{\"@type\":\"WebSite\",\"@id\":\"https:\\\/\\\/sacracosmetics.com\\\/it\\\/#website\",\"url\":\"https:\\\/\\\/sacracosmetics.com\\\/it\\\/\",\"name\":\"Sacra Cosmetics\",\"inLanguage\":\"it-IT\",\"publisher\":{\"@id\":\"https:\\\/\\\/sacracosmetics.com\\\/it\\\/#organization\"}}]}\n\t\t<\/script>\n\t\t<!-- All in One SEO Pro -->\r\n\t\t<title>5 Summer Skincare Myths You Can Forget - Sacra Cosmetics<\/title>\n\n","aioseo_head_json":{"title":"5 miti estivi sulla cura della pelle da dimenticare - Sacra Cosmetics","description":"Il calore, i raggi UV, l'aria condizionata e persino l'eccessiva pulizia possono indebolire lo strato corneo, portando a disidratazione e sensibilit\u00e0.","canonical_url":"https:\/\/sacracosmetics.com\/it\/5-miti-sulla-cura-della-pelle-in-estate-da-dimenticare\/","robots":"max-image-preview:large","keywords":"","webmasterTools":{"miscellaneous":""},"schema":{"@context":"https:\/\/schema.org","@graph":[{"@type":"BlogPosting","@id":"https:\/\/sacracosmetics.com\/it\/5-miti-sulla-cura-della-pelle-in-estate-da-dimenticare\/#blogposting","name":"5 Summer Skincare Myths You Can Forget - Sacra Cosmetics","headline":"5 Summer Skincare Myths You Can Forget","author":{"@id":"https:\/\/sacracosmetics.com\/it\/author\/sacra\/#author"},"publisher":{"@id":"https:\/\/sacracosmetics.com\/it\/#organization"},"image":{"@type":"ImageObject","url":"https:\/\/sacracosmetics.com\/wp-content\/uploads\/2025\/08\/fleur-kaan-w4Dj3MshHQ0-unsplash-scaled.jpg","width":2560,"height":1707},"datePublished":"2025-08-11T10:29:40+03:00","dateModified":"2026-03-26T19:13:18+02:00","inLanguage":"it-IT","mainEntityOfPage":{"@id":"https:\/\/sacracosmetics.com\/it\/5-miti-sulla-cura-della-pelle-in-estate-da-dimenticare\/#webpage"},"isPartOf":{"@id":"https:\/\/sacracosmetics.com\/it\/5-miti-sulla-cura-della-pelle-in-estate-da-dimenticare\/#webpage"},"articleSection":"Uncategorized"},{"@type":"BreadcrumbList","@id":"https:\/\/sacracosmetics.com\/it\/5-miti-sulla-cura-della-pelle-in-estate-da-dimenticare\/#breadcrumblist","itemListElement":[{"@type":"ListItem","@id":"https:\/\/sacracosmetics.com\/it#listItem","position":1,"name":"Home","item":"https:\/\/sacracosmetics.com\/it","nextItem":{"@type":"ListItem","@id":"https:\/\/sacracosmetics.com\/it\/categoria\/non-classificato\/#listItem","name":"Uncategorized"}},{"@type":"ListItem","@id":"https:\/\/sacracosmetics.com\/it\/categoria\/non-classificato\/#listItem","position":2,"name":"Uncategorized","item":"https:\/\/sacracosmetics.com\/it\/categoria\/non-classificato\/","nextItem":{"@type":"ListItem","@id":"https:\/\/sacracosmetics.com\/it\/5-miti-sulla-cura-della-pelle-in-estate-da-dimenticare\/#listItem","name":"5 Summer Skincare Myths You Can Forget"},"previousItem":{"@type":"ListItem","@id":"https:\/\/sacracosmetics.com\/it#listItem","name":"Home"}},{"@type":"ListItem","@id":"https:\/\/sacracosmetics.com\/it\/5-miti-sulla-cura-della-pelle-in-estate-da-dimenticare\/#listItem","position":3,"name":"5 Summer Skincare Myths You Can Forget","previousItem":{"@type":"ListItem","@id":"https:\/\/sacracosmetics.com\/it\/categoria\/non-classificato\/#listItem","name":"Uncategorized"}}]},{"@type":"Organization","@id":"https:\/\/sacracosmetics.com\/it\/#organization","name":"Sacra Cosmetics","url":"https:\/\/sacracosmetics.com\/it\/","telephone":"+40770310183","logo":{"@type":"ImageObject","url":"https:\/\/sacracosmetics.com\/wp-content\/uploads\/2025\/06\/logo-500.png","@id":"https:\/\/sacracosmetics.com\/it\/5-miti-sulla-cura-della-pelle-in-estate-da-dimenticare\/#organizationLogo","width":500,"height":500,"caption":"Sacra Cosmetics"},"image":{"@id":"https:\/\/sacracosmetics.com\/it\/5-miti-sulla-cura-della-pelle-in-estate-da-dimenticare\/#organizationLogo"},"sameAs":["https:\/\/www.facebook.com\/people\/Sacra\/61559924301009\/","https:\/\/www.instagram.com\/sacra.cosmetics\/"]},{"@type":"Person","@id":"https:\/\/sacracosmetics.com\/it\/author\/sacra\/#author","url":"https:\/\/sacracosmetics.com\/it\/author\/sacra\/","name":"Sacra Life","image":{"@type":"ImageObject","@id":"https:\/\/sacracosmetics.com\/it\/5-miti-sulla-cura-della-pelle-in-estate-da-dimenticare\/#authorImage","url":"https:\/\/secure.gravatar.com\/avatar\/ef96bc8bcd833bdfad03ccdefd47a4bac8284cbaf641da5f41eba686ef7712d3?s=96&d=mm&r=g","width":96,"height":96,"caption":"Sacra Life"}},{"@type":"WebPage","@id":"https:\/\/sacracosmetics.com\/it\/5-miti-sulla-cura-della-pelle-in-estate-da-dimenticare\/#webpage","url":"https:\/\/sacracosmetics.com\/it\/5-miti-sulla-cura-della-pelle-in-estate-da-dimenticare\/","name":"5 Summer Skincare Myths You Can Forget - Sacra Cosmetics","description":"Heat, UV, air conditioning, and even over-cleansing can weaken the stratum corneum, leading to dehydration and sensitivity.","inLanguage":"it-IT","isPartOf":{"@id":"https:\/\/sacracosmetics.com\/it\/#website"},"breadcrumb":{"@id":"https:\/\/sacracosmetics.com\/it\/5-miti-sulla-cura-della-pelle-in-estate-da-dimenticare\/#breadcrumblist"},"author":{"@id":"https:\/\/sacracosmetics.com\/it\/author\/sacra\/#author"},"creator":{"@id":"https:\/\/sacracosmetics.com\/it\/author\/sacra\/#author"},"image":{"@type":"ImageObject","url":"https:\/\/sacracosmetics.com\/wp-content\/uploads\/2025\/08\/fleur-kaan-w4Dj3MshHQ0-unsplash-scaled.jpg","@id":"https:\/\/sacracosmetics.com\/it\/5-miti-sulla-cura-della-pelle-in-estate-da-dimenticare\/#mainImage","width":2560,"height":1707},"primaryImageOfPage":{"@id":"https:\/\/sacracosmetics.com\/it\/5-miti-sulla-cura-della-pelle-in-estate-da-dimenticare\/#mainImage"},"datePublished":"2025-08-11T10:29:40+03:00","dateModified":"2026-03-26T19:13:18+02:00"},{"@type":"WebSite","@id":"https:\/\/sacracosmetics.com\/it\/#website","url":"https:\/\/sacracosmetics.com\/it\/","name":"Sacra Cosmetics","inLanguage":"it-IT","publisher":{"@id":"https:\/\/sacracosmetics.com\/it\/#organization"}}]},"og:locale":"it_IT","og:site_name":"Sacra Cosmetics -","og:type":"article","og:title":"5 Summer Skincare Myths You Can Forget - Sacra Cosmetics","og:description":"Heat, UV, air conditioning, and even over-cleansing can weaken the stratum corneum, leading to dehydration and sensitivity.","og:url":"https:\/\/sacracosmetics.com\/it\/5-miti-sulla-cura-della-pelle-in-estate-da-dimenticare\/","article:published_time":"2025-08-11T07:29:40+00:00","article:modified_time":"2026-03-26T17:13:18+00:00","article:publisher":"https:\/\/www.facebook.com\/people\/Sacra\/61559924301009\/","twitter:card":"summary_large_image","twitter:title":"5 Summer Skincare Myths You Can Forget - Sacra Cosmetics","twitter:description":"Heat, UV, air conditioning, and even over-cleansing can weaken the stratum corneum, leading to dehydration and sensitivity."},"aioseo_meta_data":{"post_id":"4061","title":null,"description":"Il calore, i raggi UV, l'aria condizionata e persino l'eccessiva pulizia possono indebolire lo strato corneo, portando a disidratazione e sensibilit\u00e0.","keywords":null,"keyphrases":{"focus":{"keyphrase":"","score":0,"analysis":{"keyphraseInTitle":{"score":0,"maxScore":9,"error":1}}},"additional":[]},"primary_term":null,"canonical_url":null,"og_title":null,"og_description":null,"og_object_type":"default","og_image_type":"default","og_image_url":null,"og_image_width":null,"og_image_height":null,"og_image_custom_url":null,"og_image_custom_fields":null,"og_video":"","og_custom_url":null,"og_article_section":null,"og_article_tags":null,"twitter_use_og":false,"twitter_card":"default","twitter_image_type":"default","twitter_image_url":null,"twitter_image_custom_url":null,"twitter_image_custom_fields":null,"twitter_title":null,"twitter_description":null,"schema":{"blockGraphs":[],"customGraphs":[],"default":{"data":{"Article":[],"Course":[],"Dataset":[],"FAQPage":[],"Movie":[],"Person":[],"Product":[],"ProductReview":[],"Car":[],"Recipe":[],"Service":[],"SoftwareApplication":[],"WebPage":[]},"graphName":"BlogPosting","isEnabled":true},"graphs":[]},"schema_type":"default","schema_type_options":null,"pillar_content":false,"robots_default":true,"robots_noindex":false,"robots_noarchive":false,"robots_nosnippet":false,"robots_nofollow":false,"robots_noimageindex":false,"robots_noodp":false,"robots_notranslate":false,"robots_max_snippet":"-1","robots_max_videopreview":"-1","robots_max_imagepreview":"large","priority":null,"frequency":"default","local_seo":null,"seo_analyzer_scan_date":"2026-03-26 17:24:40","breadcrumb_settings":null,"limit_modified_date":false,"reviewed_by":null,"open_ai":null,"ai":{"faqs":[],"keyPoints":[],"titles":[],"descriptions":[],"socialPosts":{"email":[],"linkedin":[],"twitter":[],"facebook":[],"instagram":[]}},"created":"2025-08-11 07:29:41","updated":"2026-03-26 17:24:40"},"aioseo_breadcrumb":"<div class=\"aioseo-breadcrumbs\"><span class=\"aioseo-breadcrumb\">\n\t<a href=\"https:\/\/sacracosmetics.com\/it\" title=\"Home\">Home<\/a>\n<\/span><span class=\"aioseo-breadcrumb-separator\">&raquo;<\/span><span class=\"aioseo-breadcrumb\">\n\t<a href=\"https:\/\/sacracosmetics.com\/it\/categoria\/non-classificato\/\" title=\"Uncategorized\">Uncategorized<\/a>\n<\/span><span class=\"aioseo-breadcrumb-separator\">&raquo;<\/span><span class=\"aioseo-breadcrumb\">\n\t5 Summer Skincare Myths You Can Forget\n<\/span><\/div>","aioseo_breadcrumb_json":[{"label":"Home","link":"https:\/\/sacracosmetics.com\/it"},{"label":"Uncategorized","link":"https:\/\/sacracosmetics.com\/it\/categoria\/non-classificato\/"},{"label":"5 Summer Skincare Myths You Can Forget","link":"https:\/\/sacracosmetics.com\/it\/5-miti-sulla-cura-della-pelle-in-estate-da-dimenticare\/"}],"_links":{"self":[{"href":"https:\/\/sacracosmetics.com\/it\/wp-json\/wp\/v2\/posts\/4061","targetHints":{"allow":["GET"]}}],"collection":[{"href":"https:\/\/sacracosmetics.com\/it\/wp-json\/wp\/v2\/posts"}],"about":[{"href":"https:\/\/sacracosmetics.com\/it\/wp-json\/wp\/v2\/types\/post"}],"author":[{"embeddable":true,"href":"https:\/\/sacracosmetics.com\/it\/wp-json\/wp\/v2\/users\/2"}],"replies":[{"embeddable":true,"href":"https:\/\/sacracosmetics.com\/it\/wp-json\/wp\/v2\/comments?post=4061"}],"version-history":[{"count":3,"href":"https:\/\/sacracosmetics.com\/it\/wp-json\/wp\/v2\/posts\/4061\/revisions"}],"predecessor-version":[{"id":4560,"href":"https:\/\/sacracosmetics.com\/it\/wp-json\/wp\/v2\/posts\/4061\/revisions\/4560"}],"wp:featuredmedia":[{"embeddable":true,"href":"https:\/\/sacracosmetics.com\/it\/wp-json\/wp\/v2\/media\/4558"}],"wp:attachment":[{"href":"https:\/\/sacracosmetics.com\/it\/wp-json\/wp\/v2\/media?parent=4061"}],"wp:term":[{"taxonomy":"category","embeddable":true,"href":"https:\/\/sacracosmetics.com\/it\/wp-json\/wp\/v2\/categories?post=4061"},{"taxonomy":"post_tag","embeddable":true,"href":"https:\/\/sacracosmetics.com\/it\/wp-json\/wp\/v2\/tags?post=4061"}],"curies":[{"name":"wp","href":"https:\/\/api.w.org\/{rel}","templated":true}]}}