{"id":4366,"date":"2026-02-02T17:04:34","date_gmt":"2026-02-02T15:04:34","guid":{"rendered":"https:\/\/sacracosmetics.com\/?p=4366"},"modified":"2026-03-26T19:29:32","modified_gmt":"2026-03-26T17:29:32","slug":"la-migliore-routine-invernale-per-la-cura-della-pelle-di-viso-e-collo-guida-riparare-la-secchezza-rafforzare-la-barriera","status":"publish","type":"post","link":"https:\/\/sacracosmetics.com\/it\/la-migliore-routine-invernale-per-la-cura-della-pelle-di-viso-e-collo-guida-riparare-la-secchezza-rafforzare-la-barriera\/","title":{"rendered":"Guida alla migliore routine invernale per la cura della pelle di viso e collo: Riparare la secchezza, rafforzare la barriera"},"content":{"rendered":"<p><strong>Una routine di trattamento invernale per attenuare la secchezza e sostenere la barriera cutanea<\/strong><\/p>\n\n\n\n<p>Quando arriva l'inverno, la pelle reagisce. L'aria fredda e secca cambia tutto, dai livelli di idratazione al modo in cui la pelle si rinnova. Il viso e il collo, costantemente esposti, sono spesso i primi a mostrare i segni: secchezza, desquamazione, tensione o irritazione.<\/p>\n\n\n\n<p>Ma questi non sono difetti da correggere. Sono segnali.<\/p>\n\n\n\n<p>La vostra pelle si sta adattando alla stagione. Con le giuste cure, potete assecondare questo processo con delicatezza, saggezza ed efficacia.<\/p>\n\n\n\n<p>Questa semplice routine invernale, basata su prove di efficacia, \u00e8 stata progettata per prendersi cura del viso e del collo con meno passaggi e risultati migliori. Funziona particolarmente bene nei climi freddi. <\/p>\n\n\n\n<h2 class=\"wp-block-heading\">Come l'inverno influisce sulla pelle<\/h2>\n\n\n\n<p>La scienza conferma ci\u00f2 che la vostra pelle vi sta gi\u00e0 dicendo.<\/p>\n\n\n\n<ul class=\"wp-block-list\">\n<li><strong>Meno olio<\/strong>: La pelle produce 20-30% meno sebo in inverno. Ci\u00f2 significa <a href=\"https:\/\/www.urmc.rochester.edu\/news\/story\/braving-the-elements-how-winter-weather-influences-skin\" title=\"meno lipidi naturali\">meno lipidi naturali<\/a> per proteggere la pelle.<\/li>\n\n\n\n<li><strong>Maggiore perdita di acqua<\/strong>: La secchezza dell'aria interna aumenta la perdita di acqua transepidermica (TEWL), portando alla disidratazione.<\/li>\n\n\n\n<li><strong>Barriera pi\u00f9 debole<\/strong>: Con una minore quantit\u00e0 di olio e di idratazione, la pelle diventa pi\u00f9 <a href=\"https:\/\/www.thepmfajournal.com\/features\/features\/post\/combating-winter-skin\" title=\"tendente all&#039;irritazione\">tendente all'irritazione<\/a>.<\/li>\n\n\n\n<li><strong>Rinnovo pi\u00f9 lento<\/strong>: Il ricambio cellulare rallenta, lasciando spesso la pelle opaca o desquamata.<\/li>\n<\/ul>\n\n\n\n<p>Si tratta di normali cambiamenti stagionali, non di problemi della pelle. L'obiettivo \u00e8 quello di adattare la vostra routine invernale di cura della pelle.<\/p>\n\n\n\n<h2 class=\"wp-block-heading\">Routine invernale in 6 fasi per la cura della pelle di viso e collo<\/h2>\n\n\n\n<h3 class=\"wp-block-heading\">1.&nbsp;<strong>Detergere delicatamente<\/strong><\/h3>\n\n\n\n<p>Scegliere un detergente non schiumogeno con un pH intorno a 5,5. Usatelo una volta al mattino e una volta alla sera.<\/p>\n\n\n\n<p><strong>Perch\u00e9 \u00e8 importante:<\/strong>&nbsp;I detergenti schiumogeni e i tensioattivi forti possono spogliare la pelle, aumentando la secchezza e la perdita di acqua.<\/p>\n\n\n\n<p><strong>Come farlo bene:<\/strong>&nbsp;Sciacquare con acqua tiepida (non calda) e asciugare la pelle con un panno morbido.<\/p>\n\n\n\n<h3 class=\"wp-block-heading\">2.&nbsp;<strong>Ricostruire i lipidi con oli leggeri<\/strong><\/h3>\n\n\n\n<p>Dopo la detersione, applicare 2-3 gocce di un prodotto ricco di acido linoleico. <a href=\"https:\/\/sacracosmetics.com\/it\/olio-di-semi-di-fico-dindia-lelisir-del-deserto-per-la-pelle-sensibile-e-disidratata\/\">olio come fico d'India<\/a>, argan o semi di canapa.<\/p>\n\n\n\n<p><strong>Perch\u00e9 \u00e8 importante:<\/strong>&nbsp;Questi oli imitano da vicino la barriera naturale della pelle e aiutano a riparare secchezza e irritazione.<\/p>\n\n\n\n<p><strong>Il momento migliore per l'utilizzo:<\/strong>&nbsp;La sera, per favorire la guarigione notturna.<\/p>\n\n\n\n<h3 class=\"wp-block-heading\">3.&nbsp;<strong>Idratare e sigillare<\/strong><\/h3>\n\n\n\n<p>Applicare un siero con glicerina o acido ialuronico per apportare acqua alla pelle. Seguire poi con una crema idratante o un olio per il viso per bloccare l'idratazione.<\/p>\n\n\n\n<p><strong>Perch\u00e9 \u00e8 importante:<\/strong>&nbsp;Gli umettanti (come l'HA) hanno bisogno di uno strato occlusivo per evitare l'evaporazione dell'acqua, soprattutto in ambienti secchi.<\/p>\n\n\n\n<p><strong>Suggerimento:<\/strong>&nbsp;Attendere circa un minuto tra uno strato e l'altro per favorire l'assorbimento.<\/p>\n\n\n\n<h3 class=\"wp-block-heading\">4.&nbsp;<strong>Esfoliare, ma non troppo spesso<\/strong><\/h3>\n\n\n\n<p>Utilizzare un siero delicato all'acido glicolico (4-7%), una o due volte alla settimana.<\/p>\n\n\n\n<p><strong>Perch\u00e9 \u00e8 importante:<\/strong>&nbsp;In inverno la pelle perde cellule pi\u00f9 lentamente. Un acido a bassa intensit\u00e0 pu\u00f2 aiutare a rinfrescare la superficie, senza danneggiare la barriera cutanea.<\/p>\n\n\n\n<p><strong>Evitare:<\/strong>&nbsp;Scrub fisici o esfolianti ruvidi.<\/p>\n\n\n\n<h3 class=\"wp-block-heading\">5.&nbsp;<strong>Supporto con peptidi e antiossidanti<\/strong><\/h3>\n\n\n\n<p>Di notte, applicare un siero con ingredienti come peptidi, vitamina E e CoQ10.<\/p>\n\n\n\n<p><strong>Perch\u00e9 \u00e8 importante:<\/strong>&nbsp;Queste sostanze sostengono il collagene, migliorano la compattezza e aiutano a proteggere la pelle dai danni del freddo.<\/p>\n\n\n\n<h3 class=\"wp-block-heading\">6.&nbsp;<strong>Mantenere la semplicit\u00e0<\/strong><\/h3>\n\n\n\n<p>Mantenete un ritmo costante.<\/p>\n\n\n\n<p><strong>Mattina:<\/strong>&nbsp;Detergere \u2192 Siero \u2192 Idratante \u2192 SPF<br><strong>Sera:<\/strong>&nbsp;Detergere \u2192 Siero di trattamento \u2192 Olio<\/p>\n\n\n\n<p>Meno \u00e8 meglio quando si tratta di curare la pelle in inverno. Una routine calma e costante \u00e8 la migliore per il recupero della pelle.<\/p>\n\n\n\n<h2 class=\"wp-block-heading\">I problemi pi\u00f9 comuni della pelle in inverno - e cosa pu\u00f2 essere d'aiuto<\/h2>\n\n\n\n<figure class=\"wp-block-table\"><table class=\"has-fixed-layout\"><thead><tr><th>Preoccupazione<\/th><th>Cosa aiuta<\/th><th>Perch\u00e9 funziona<\/th><\/tr><\/thead><tbody><tr><td>Secchezza<\/td><td>Umettanti + oli<\/td><td>Aspira l'umidit\u00e0 e la mantiene sigillata<\/td><\/tr><tr><td>Arrossamento<\/td><td>Oli per la riparazione delle barriere<\/td><td>Calma le infiammazioni e rafforza la pelle<\/td><\/tr><tr><td>Sfaldamento\/opacit\u00e0<\/td><td>Acido glicolico delicato (1-2 volte a settimana)<\/td><td>Riaffiora e illumina delicatamente<\/td><\/tr><tr><td>Cedimento\/rigidit\u00e0<\/td><td>Peptidi di notte<\/td><td>Supporta la produzione di collagene nel tempo<\/td><\/tr><tr><td>Danni alla barriera<\/td><td>Oli ricchi di acido linoleico<\/td><td>Ricostruisce lo strato lipidico e migliora la resilienza<\/td><\/tr><\/tbody><\/table><\/figure>\n\n\n\n<h2 class=\"wp-block-heading\">Prodotti consigliati per la cura della pelle in inverno<\/h2>\n\n\n\n<ul class=\"wp-block-list\">\n<li><a href=\"https:\/\/sacracosmetics.com\/it\/product\/elisir-crema-giorno-bio-rigenerante-intensa\/\" title=\"Crema da giorno Elixir Intense Bio Regenerative\"><strong>Crema da giorno Elixir Intense Bio Regenerative<\/strong><br><\/a>Supporto idratante da giorno con peptidi e acido ialuronico multi-peso.<\/li>\n\n\n\n<li><a href=\"https:\/\/sacracosmetics.com\/it\/product\/elisir-siero-bio-rigenerante-intenso\/\" title=\"Siero rigenerante Elixir Intense Bio\"><strong>Siero rigenerante Elixir Intense Bio<\/strong><br><\/a>Olio per il viso con fico d'India e canapa, ricco di acido linoleico per ripristinare la salute della barriera.<\/li>\n\n\n\n<li><a href=\"https:\/\/sacracosmetics.com\/it\/product\/siero-ultra-chiarificante-bio-esfoliante-allacido-glicolico\/\" title=\"Siero glicolico ultra chiarificante 4%\"><strong>Siero glicolico ultra chiarificante 4%<\/strong><br><\/a>Acido glicolico tamponato per un'esfoliazione delicata senza irritazioni.<\/li>\n<\/ul>\n\n\n\n<p>Ogni formula \u00e8 vegana, prodotta nell'Unione Europea e realizzata per assecondare il ritmo naturale della pelle.<\/p>\n\n\n\n<h2 class=\"wp-block-heading\">FAQ sulla cura della pelle in inverno (viso e collo)<\/h2>\n\n\n\n<p><strong>D: Bere pi\u00f9 acqua pu\u00f2 risolvere la secchezza della pelle invernale?<\/strong><br><strong>A:<\/strong>&nbsp;No. Sebbene l'idratazione favorisca la salute generale, solo gli oli e le creme idratanti topiche possono bloccare la perdita di acqua attraverso la barriera cutanea.<\/p>\n\n\n\n<p><strong>D: Devo evitare il retinolo in inverno?<\/strong><br><strong>A:<\/strong>&nbsp;No, ma \u00e8 bene usarlo con parsimonia. Il freddo aumenta la sensibilit\u00e0. I peptidi sono un'alternativa pi\u00f9 delicata.<\/p>\n\n\n\n<p><strong>D: Perch\u00e9 le docce calde fanno male alla pelle in inverno?<\/strong><br><strong>A:<\/strong>&nbsp;L'acqua calda elimina gli oli della pelle, peggiorando la secchezza. Mantenete la doccia al di sotto dei 10 minuti e applicate un olio quando la pelle \u00e8 ancora umida.<\/p>\n\n\n\n<p><strong>D: Ho bisogno di una protezione solare in inverno?<\/strong><br><strong>A:<\/strong>&nbsp;Assolutamente s\u00ec. I raggi UVA penetrano le nuvole e possono comunque danneggiare la pelle. Utilizzate ogni giorno un SPF ad ampio spettro.<\/p>\n\n\n\n<p><strong>D: L'acido ialuronico \u00e8 sufficiente da solo?<\/strong><br><strong>A:<\/strong>&nbsp;Non all'aria secca. Seguire sempre con una crema idratante o un olio per il viso per trattenere l'acqua.<\/p>\n\n\n\n<p><strong>D: Con quale frequenza devo esfoliare?<\/strong><br><strong>A:<\/strong>&nbsp;Due volte a settimana \u00e8 sufficiente. Un'eccessiva esfoliazione in inverno pu\u00f2 danneggiare la barriera cutanea.<\/p>\n\n\n\n<p><strong>D: I peptidi sono migliori degli acidi per la compattezza invernale?<\/strong><br><strong>A:<\/strong>&nbsp;S\u00ec. I peptidi favoriscono la produzione di collagene senza causare infiammazioni o secchezza.<\/p>\n\n\n\n<p><strong>D: Le creme idratanti possono ostruire i pori in inverno?<\/strong><br><strong>A:<\/strong>&nbsp;Se si utilizzano formule non comedogeniche (come gli oli ricchi di linoleico), il rischio \u00e8 basso. Testate sempre i nuovi prodotti.<\/p>\n\n\n\n<p><\/p>\n\n\n\n<p>La cura della pelle in inverno riguarda&nbsp;<strong>ascolto<\/strong>&nbsp;alla pelle. Andate pi\u00f9 piano. Scegliete ingredienti mirati. Lasciate che la routine sia un rituale che protegge, ripristina e rispetta il ritmo della pelle.<\/p>\n\n\n\n<p><\/p>\n\n\n\n<p><em>Foto principale di\u00a0<a href=\"https:\/\/unsplash.com\/@krivitskiy?utm_source=unsplash&amp;utm_medium=referral&amp;utm_content=creditCopyText\">Alexander Krivitskiy<\/a>\u00a0<\/em><\/p>\n\n\n\n<p><\/p>","protected":false},"excerpt":{"rendered":"<p>A Winter Skincare Routine to Ease Dryness and Support the Skin Barrier When winter sets in, your skin responds. The cold, dry air changes everything\u2014from hydration levels to how your skin renews itself. The face and neck, constantly exposed, are often the first to show signs: dryness, flaking, tightness, or irritation. But these aren&#8217;t flaws [&hellip;]<\/p>","protected":false},"author":2,"featured_media":4547,"comment_status":"open","ping_status":"open","sticky":false,"template":"","format":"standard","meta":{"_acf_changed":false,"footnotes":""},"categories":[1],"tags":[],"class_list":["post-4366","post","type-post","status-publish","format-standard","has-post-thumbnail","hentry","category-uncategorized"],"acf":[],"aioseo_notices":[],"aioseo_head":"\n\t\t<!-- All in One SEO Pro 4.9.3 - aioseo.com -->\n\t<meta name=\"description\" content=\"Support dry winter skin with a gentle, barrier-first routine. Discover SACRA\u2019s recommendations for winter skincare for the face and neck.\" \/>\n\t<meta name=\"robots\" content=\"max-image-preview:large\" \/>\n\t<meta name=\"author\" content=\"Sacra Life\"\/>\n\t<link rel=\"canonical\" href=\"https:\/\/sacracosmetics.com\/it\/la-migliore-routine-invernale-per-la-cura-della-pelle-di-viso-e-collo-guida-riparare-la-secchezza-rafforzare-la-barriera\/\" \/>\n\t<meta name=\"generator\" content=\"All in One SEO Pro (AIOSEO) 4.9.3\" \/>\n\t\t<meta property=\"og:locale\" content=\"it_IT\" \/>\n\t\t<meta property=\"og:site_name\" content=\"Sacra Cosmetics -\" \/>\n\t\t<meta property=\"og:type\" content=\"article\" \/>\n\t\t<meta property=\"og:title\" content=\"Winter Skincare for Face &amp; Neck | SACRA Guide\" \/>\n\t\t<meta property=\"og:description\" content=\"Support dry winter skin with a gentle, barrier-first routine. Discover SACRA\u2019s recommendations for winter skincare for the face and neck.\" \/>\n\t\t<meta property=\"og:url\" content=\"https:\/\/sacracosmetics.com\/it\/la-migliore-routine-invernale-per-la-cura-della-pelle-di-viso-e-collo-guida-riparare-la-secchezza-rafforzare-la-barriera\/\" \/>\n\t\t<meta property=\"og:image\" content=\"https:\/\/sacracosmetics.com\/wp-content\/uploads\/2026\/03\/nika_akin-natural-4644374-scaled.jpg\" \/>\n\t\t<meta property=\"og:image:secure_url\" content=\"https:\/\/sacracosmetics.com\/wp-content\/uploads\/2026\/03\/nika_akin-natural-4644374-scaled.jpg\" \/>\n\t\t<meta property=\"og:image:width\" content=\"1707\" \/>\n\t\t<meta property=\"og:image:height\" content=\"2560\" \/>\n\t\t<meta property=\"article:published_time\" content=\"2026-02-02T15:04:34+00:00\" \/>\n\t\t<meta property=\"article:modified_time\" content=\"2026-03-26T17:29:32+00:00\" \/>\n\t\t<meta property=\"article:publisher\" content=\"https:\/\/www.facebook.com\/people\/Sacra\/61559924301009\/\" \/>\n\t\t<meta name=\"twitter:card\" content=\"summary_large_image\" \/>\n\t\t<meta name=\"twitter:title\" content=\"Winter Skincare for Face &amp; Neck | SACRA Guide\" \/>\n\t\t<meta name=\"twitter:description\" content=\"Support dry winter skin with a gentle, barrier-first routine. Discover SACRA\u2019s recommendations for winter skincare for the face and neck.\" \/>\n\t\t<meta name=\"twitter:image\" content=\"https:\/\/sacracosmetics.com\/wp-content\/uploads\/2026\/03\/nika_akin-natural-4644374-scaled.jpg\" \/>\n\t\t<script type=\"application\/ld+json\" class=\"aioseo-schema\">\n\t\t\t{\"@context\":\"https:\\\/\\\/schema.org\",\"@graph\":[{\"@type\":\"BlogPosting\",\"@id\":\"https:\\\/\\\/sacracosmetics.com\\\/it\\\/la-migliore-routine-invernale-per-la-cura-della-pelle-di-viso-e-collo-guida-riparare-la-secchezza-rafforzare-la-barriera\\\/#blogposting\",\"name\":\"Winter Skincare for Face & Neck | SACRA Guide\",\"headline\":\"Best Winter Skincare Routine for Face and Neck Guide: Repair Dryness, Strengthen Barrier\",\"author\":{\"@id\":\"https:\\\/\\\/sacracosmetics.com\\\/it\\\/author\\\/sacra\\\/#author\"},\"publisher\":{\"@id\":\"https:\\\/\\\/sacracosmetics.com\\\/it\\\/#organization\"},\"image\":{\"@type\":\"ImageObject\",\"url\":\"https:\\\/\\\/sacracosmetics.com\\\/wp-content\\\/uploads\\\/2026\\\/03\\\/nika_akin-natural-4644374-scaled.jpg\",\"width\":1707,\"height\":2560,\"caption\":\"Skin at its most coherent. Supported renewal, not forced exfoliation.\"},\"datePublished\":\"2026-02-02T17:04:34+02:00\",\"dateModified\":\"2026-03-26T19:29:32+02:00\",\"inLanguage\":\"it-IT\",\"mainEntityOfPage\":{\"@id\":\"https:\\\/\\\/sacracosmetics.com\\\/it\\\/la-migliore-routine-invernale-per-la-cura-della-pelle-di-viso-e-collo-guida-riparare-la-secchezza-rafforzare-la-barriera\\\/#webpage\"},\"isPartOf\":{\"@id\":\"https:\\\/\\\/sacracosmetics.com\\\/it\\\/la-migliore-routine-invernale-per-la-cura-della-pelle-di-viso-e-collo-guida-riparare-la-secchezza-rafforzare-la-barriera\\\/#webpage\"},\"articleSection\":\"Uncategorized\"},{\"@type\":\"BreadcrumbList\",\"@id\":\"https:\\\/\\\/sacracosmetics.com\\\/it\\\/la-migliore-routine-invernale-per-la-cura-della-pelle-di-viso-e-collo-guida-riparare-la-secchezza-rafforzare-la-barriera\\\/#breadcrumblist\",\"itemListElement\":[{\"@type\":\"ListItem\",\"@id\":\"https:\\\/\\\/sacracosmetics.com\\\/it#listItem\",\"position\":1,\"name\":\"Home\",\"item\":\"https:\\\/\\\/sacracosmetics.com\\\/it\",\"nextItem\":{\"@type\":\"ListItem\",\"@id\":\"https:\\\/\\\/sacracosmetics.com\\\/it\\\/categoria\\\/non-classificato\\\/#listItem\",\"name\":\"Uncategorized\"}},{\"@type\":\"ListItem\",\"@id\":\"https:\\\/\\\/sacracosmetics.com\\\/it\\\/categoria\\\/non-classificato\\\/#listItem\",\"position\":2,\"name\":\"Uncategorized\",\"item\":\"https:\\\/\\\/sacracosmetics.com\\\/it\\\/categoria\\\/non-classificato\\\/\",\"nextItem\":{\"@type\":\"ListItem\",\"@id\":\"https:\\\/\\\/sacracosmetics.com\\\/it\\\/la-migliore-routine-invernale-per-la-cura-della-pelle-di-viso-e-collo-guida-riparare-la-secchezza-rafforzare-la-barriera\\\/#listItem\",\"name\":\"Best Winter Skincare Routine for Face and Neck Guide: Repair Dryness, Strengthen Barrier\"},\"previousItem\":{\"@type\":\"ListItem\",\"@id\":\"https:\\\/\\\/sacracosmetics.com\\\/it#listItem\",\"name\":\"Home\"}},{\"@type\":\"ListItem\",\"@id\":\"https:\\\/\\\/sacracosmetics.com\\\/it\\\/la-migliore-routine-invernale-per-la-cura-della-pelle-di-viso-e-collo-guida-riparare-la-secchezza-rafforzare-la-barriera\\\/#listItem\",\"position\":3,\"name\":\"Best Winter Skincare Routine for Face and Neck Guide: Repair Dryness, Strengthen Barrier\",\"previousItem\":{\"@type\":\"ListItem\",\"@id\":\"https:\\\/\\\/sacracosmetics.com\\\/it\\\/categoria\\\/non-classificato\\\/#listItem\",\"name\":\"Uncategorized\"}}]},{\"@type\":\"Organization\",\"@id\":\"https:\\\/\\\/sacracosmetics.com\\\/it\\\/#organization\",\"name\":\"Sacra Cosmetics\",\"url\":\"https:\\\/\\\/sacracosmetics.com\\\/it\\\/\",\"telephone\":\"+40770310183\",\"logo\":{\"@type\":\"ImageObject\",\"url\":\"https:\\\/\\\/sacracosmetics.com\\\/wp-content\\\/uploads\\\/2025\\\/06\\\/logo-500.png\",\"@id\":\"https:\\\/\\\/sacracosmetics.com\\\/it\\\/la-migliore-routine-invernale-per-la-cura-della-pelle-di-viso-e-collo-guida-riparare-la-secchezza-rafforzare-la-barriera\\\/#organizationLogo\",\"width\":500,\"height\":500,\"caption\":\"Sacra Cosmetics\"},\"image\":{\"@id\":\"https:\\\/\\\/sacracosmetics.com\\\/it\\\/la-migliore-routine-invernale-per-la-cura-della-pelle-di-viso-e-collo-guida-riparare-la-secchezza-rafforzare-la-barriera\\\/#organizationLogo\"},\"sameAs\":[\"https:\\\/\\\/www.facebook.com\\\/people\\\/Sacra\\\/61559924301009\\\/\",\"https:\\\/\\\/www.instagram.com\\\/sacra.cosmetics\\\/\"]},{\"@type\":\"Person\",\"@id\":\"https:\\\/\\\/sacracosmetics.com\\\/it\\\/author\\\/sacra\\\/#author\",\"url\":\"https:\\\/\\\/sacracosmetics.com\\\/it\\\/author\\\/sacra\\\/\",\"name\":\"Sacra Life\",\"image\":{\"@type\":\"ImageObject\",\"@id\":\"https:\\\/\\\/sacracosmetics.com\\\/it\\\/la-migliore-routine-invernale-per-la-cura-della-pelle-di-viso-e-collo-guida-riparare-la-secchezza-rafforzare-la-barriera\\\/#authorImage\",\"url\":\"https:\\\/\\\/secure.gravatar.com\\\/avatar\\\/ef96bc8bcd833bdfad03ccdefd47a4bac8284cbaf641da5f41eba686ef7712d3?s=96&d=mm&r=g\",\"width\":96,\"height\":96,\"caption\":\"Sacra Life\"}},{\"@type\":\"WebPage\",\"@id\":\"https:\\\/\\\/sacracosmetics.com\\\/it\\\/la-migliore-routine-invernale-per-la-cura-della-pelle-di-viso-e-collo-guida-riparare-la-secchezza-rafforzare-la-barriera\\\/#webpage\",\"url\":\"https:\\\/\\\/sacracosmetics.com\\\/it\\\/la-migliore-routine-invernale-per-la-cura-della-pelle-di-viso-e-collo-guida-riparare-la-secchezza-rafforzare-la-barriera\\\/\",\"name\":\"Winter Skincare for Face & Neck | SACRA Guide\",\"description\":\"Support dry winter skin with a gentle, barrier-first routine. Discover SACRA\\u2019s recommendations for winter skincare for the face and neck.\",\"inLanguage\":\"it-IT\",\"isPartOf\":{\"@id\":\"https:\\\/\\\/sacracosmetics.com\\\/it\\\/#website\"},\"breadcrumb\":{\"@id\":\"https:\\\/\\\/sacracosmetics.com\\\/it\\\/la-migliore-routine-invernale-per-la-cura-della-pelle-di-viso-e-collo-guida-riparare-la-secchezza-rafforzare-la-barriera\\\/#breadcrumblist\"},\"author\":{\"@id\":\"https:\\\/\\\/sacracosmetics.com\\\/it\\\/author\\\/sacra\\\/#author\"},\"creator\":{\"@id\":\"https:\\\/\\\/sacracosmetics.com\\\/it\\\/author\\\/sacra\\\/#author\"},\"image\":{\"@type\":\"ImageObject\",\"url\":\"https:\\\/\\\/sacracosmetics.com\\\/wp-content\\\/uploads\\\/2026\\\/03\\\/nika_akin-natural-4644374-scaled.jpg\",\"@id\":\"https:\\\/\\\/sacracosmetics.com\\\/it\\\/la-migliore-routine-invernale-per-la-cura-della-pelle-di-viso-e-collo-guida-riparare-la-secchezza-rafforzare-la-barriera\\\/#mainImage\",\"width\":1707,\"height\":2560,\"caption\":\"Skin at its most coherent. Supported renewal, not forced exfoliation.\"},\"primaryImageOfPage\":{\"@id\":\"https:\\\/\\\/sacracosmetics.com\\\/it\\\/la-migliore-routine-invernale-per-la-cura-della-pelle-di-viso-e-collo-guida-riparare-la-secchezza-rafforzare-la-barriera\\\/#mainImage\"},\"datePublished\":\"2026-02-02T17:04:34+02:00\",\"dateModified\":\"2026-03-26T19:29:32+02:00\"},{\"@type\":\"WebSite\",\"@id\":\"https:\\\/\\\/sacracosmetics.com\\\/it\\\/#website\",\"url\":\"https:\\\/\\\/sacracosmetics.com\\\/it\\\/\",\"name\":\"Sacra Cosmetics\",\"inLanguage\":\"it-IT\",\"publisher\":{\"@id\":\"https:\\\/\\\/sacracosmetics.com\\\/it\\\/#organization\"}}]}\n\t\t<\/script>\n\t\t<!-- All in One SEO Pro -->\r\n\t\t<title>Winter Skincare for Face &amp; Neck | SACRA Guide<\/title>\n\n","aioseo_head_json":{"title":"Cura della pelle invernale per viso e collo | Guida SACRA","description":"Sostenete la pelle secca dell'inverno con una routine delicata e che faccia da barriera. Scoprite i consigli di SACRA per la cura della pelle invernale di viso e collo.","canonical_url":"https:\/\/sacracosmetics.com\/it\/la-migliore-routine-invernale-per-la-cura-della-pelle-di-viso-e-collo-guida-riparare-la-secchezza-rafforzare-la-barriera\/","robots":"max-image-preview:large","keywords":"","webmasterTools":{"miscellaneous":""},"schema":{"@context":"https:\/\/schema.org","@graph":[{"@type":"BlogPosting","@id":"https:\/\/sacracosmetics.com\/it\/la-migliore-routine-invernale-per-la-cura-della-pelle-di-viso-e-collo-guida-riparare-la-secchezza-rafforzare-la-barriera\/#blogposting","name":"Winter Skincare for Face & Neck | SACRA Guide","headline":"Best Winter Skincare Routine for Face and Neck Guide: Repair Dryness, Strengthen Barrier","author":{"@id":"https:\/\/sacracosmetics.com\/it\/author\/sacra\/#author"},"publisher":{"@id":"https:\/\/sacracosmetics.com\/it\/#organization"},"image":{"@type":"ImageObject","url":"https:\/\/sacracosmetics.com\/wp-content\/uploads\/2026\/03\/nika_akin-natural-4644374-scaled.jpg","width":1707,"height":2560,"caption":"Skin at its most coherent. Supported renewal, not forced exfoliation."},"datePublished":"2026-02-02T17:04:34+02:00","dateModified":"2026-03-26T19:29:32+02:00","inLanguage":"it-IT","mainEntityOfPage":{"@id":"https:\/\/sacracosmetics.com\/it\/la-migliore-routine-invernale-per-la-cura-della-pelle-di-viso-e-collo-guida-riparare-la-secchezza-rafforzare-la-barriera\/#webpage"},"isPartOf":{"@id":"https:\/\/sacracosmetics.com\/it\/la-migliore-routine-invernale-per-la-cura-della-pelle-di-viso-e-collo-guida-riparare-la-secchezza-rafforzare-la-barriera\/#webpage"},"articleSection":"Uncategorized"},{"@type":"BreadcrumbList","@id":"https:\/\/sacracosmetics.com\/it\/la-migliore-routine-invernale-per-la-cura-della-pelle-di-viso-e-collo-guida-riparare-la-secchezza-rafforzare-la-barriera\/#breadcrumblist","itemListElement":[{"@type":"ListItem","@id":"https:\/\/sacracosmetics.com\/it#listItem","position":1,"name":"Home","item":"https:\/\/sacracosmetics.com\/it","nextItem":{"@type":"ListItem","@id":"https:\/\/sacracosmetics.com\/it\/categoria\/non-classificato\/#listItem","name":"Uncategorized"}},{"@type":"ListItem","@id":"https:\/\/sacracosmetics.com\/it\/categoria\/non-classificato\/#listItem","position":2,"name":"Uncategorized","item":"https:\/\/sacracosmetics.com\/it\/categoria\/non-classificato\/","nextItem":{"@type":"ListItem","@id":"https:\/\/sacracosmetics.com\/it\/la-migliore-routine-invernale-per-la-cura-della-pelle-di-viso-e-collo-guida-riparare-la-secchezza-rafforzare-la-barriera\/#listItem","name":"Best Winter Skincare Routine for Face and Neck Guide: Repair Dryness, Strengthen Barrier"},"previousItem":{"@type":"ListItem","@id":"https:\/\/sacracosmetics.com\/it#listItem","name":"Home"}},{"@type":"ListItem","@id":"https:\/\/sacracosmetics.com\/it\/la-migliore-routine-invernale-per-la-cura-della-pelle-di-viso-e-collo-guida-riparare-la-secchezza-rafforzare-la-barriera\/#listItem","position":3,"name":"Best Winter Skincare Routine for Face and Neck Guide: Repair Dryness, Strengthen Barrier","previousItem":{"@type":"ListItem","@id":"https:\/\/sacracosmetics.com\/it\/categoria\/non-classificato\/#listItem","name":"Uncategorized"}}]},{"@type":"Organization","@id":"https:\/\/sacracosmetics.com\/it\/#organization","name":"Sacra Cosmetics","url":"https:\/\/sacracosmetics.com\/it\/","telephone":"+40770310183","logo":{"@type":"ImageObject","url":"https:\/\/sacracosmetics.com\/wp-content\/uploads\/2025\/06\/logo-500.png","@id":"https:\/\/sacracosmetics.com\/it\/la-migliore-routine-invernale-per-la-cura-della-pelle-di-viso-e-collo-guida-riparare-la-secchezza-rafforzare-la-barriera\/#organizationLogo","width":500,"height":500,"caption":"Sacra Cosmetics"},"image":{"@id":"https:\/\/sacracosmetics.com\/it\/la-migliore-routine-invernale-per-la-cura-della-pelle-di-viso-e-collo-guida-riparare-la-secchezza-rafforzare-la-barriera\/#organizationLogo"},"sameAs":["https:\/\/www.facebook.com\/people\/Sacra\/61559924301009\/","https:\/\/www.instagram.com\/sacra.cosmetics\/"]},{"@type":"Person","@id":"https:\/\/sacracosmetics.com\/it\/author\/sacra\/#author","url":"https:\/\/sacracosmetics.com\/it\/author\/sacra\/","name":"Sacra Life","image":{"@type":"ImageObject","@id":"https:\/\/sacracosmetics.com\/it\/la-migliore-routine-invernale-per-la-cura-della-pelle-di-viso-e-collo-guida-riparare-la-secchezza-rafforzare-la-barriera\/#authorImage","url":"https:\/\/secure.gravatar.com\/avatar\/ef96bc8bcd833bdfad03ccdefd47a4bac8284cbaf641da5f41eba686ef7712d3?s=96&d=mm&r=g","width":96,"height":96,"caption":"Sacra Life"}},{"@type":"WebPage","@id":"https:\/\/sacracosmetics.com\/it\/la-migliore-routine-invernale-per-la-cura-della-pelle-di-viso-e-collo-guida-riparare-la-secchezza-rafforzare-la-barriera\/#webpage","url":"https:\/\/sacracosmetics.com\/it\/la-migliore-routine-invernale-per-la-cura-della-pelle-di-viso-e-collo-guida-riparare-la-secchezza-rafforzare-la-barriera\/","name":"Winter Skincare for Face & Neck | SACRA Guide","description":"Support dry winter skin with a gentle, barrier-first routine. Discover SACRA\u2019s recommendations for winter skincare for the face and neck.","inLanguage":"it-IT","isPartOf":{"@id":"https:\/\/sacracosmetics.com\/it\/#website"},"breadcrumb":{"@id":"https:\/\/sacracosmetics.com\/it\/la-migliore-routine-invernale-per-la-cura-della-pelle-di-viso-e-collo-guida-riparare-la-secchezza-rafforzare-la-barriera\/#breadcrumblist"},"author":{"@id":"https:\/\/sacracosmetics.com\/it\/author\/sacra\/#author"},"creator":{"@id":"https:\/\/sacracosmetics.com\/it\/author\/sacra\/#author"},"image":{"@type":"ImageObject","url":"https:\/\/sacracosmetics.com\/wp-content\/uploads\/2026\/03\/nika_akin-natural-4644374-scaled.jpg","@id":"https:\/\/sacracosmetics.com\/it\/la-migliore-routine-invernale-per-la-cura-della-pelle-di-viso-e-collo-guida-riparare-la-secchezza-rafforzare-la-barriera\/#mainImage","width":1707,"height":2560,"caption":"Skin at its most coherent. Supported renewal, not forced exfoliation."},"primaryImageOfPage":{"@id":"https:\/\/sacracosmetics.com\/it\/la-migliore-routine-invernale-per-la-cura-della-pelle-di-viso-e-collo-guida-riparare-la-secchezza-rafforzare-la-barriera\/#mainImage"},"datePublished":"2026-02-02T17:04:34+02:00","dateModified":"2026-03-26T19:29:32+02:00"},{"@type":"WebSite","@id":"https:\/\/sacracosmetics.com\/it\/#website","url":"https:\/\/sacracosmetics.com\/it\/","name":"Sacra Cosmetics","inLanguage":"it-IT","publisher":{"@id":"https:\/\/sacracosmetics.com\/it\/#organization"}}]},"og:locale":"it_IT","og:site_name":"Sacra Cosmetics -","og:type":"article","og:title":"Winter Skincare for Face &amp; Neck | SACRA Guide","og:description":"Support dry winter skin with a gentle, barrier-first routine. Discover SACRA\u2019s recommendations for winter skincare for the face and neck.","og:url":"https:\/\/sacracosmetics.com\/it\/la-migliore-routine-invernale-per-la-cura-della-pelle-di-viso-e-collo-guida-riparare-la-secchezza-rafforzare-la-barriera\/","og:image":"https:\/\/sacracosmetics.com\/wp-content\/uploads\/2026\/03\/nika_akin-natural-4644374-scaled.jpg","og:image:secure_url":"https:\/\/sacracosmetics.com\/wp-content\/uploads\/2026\/03\/nika_akin-natural-4644374-scaled.jpg","og:image:width":"1707","og:image:height":"2560","article:published_time":"2026-02-02T15:04:34+00:00","article:modified_time":"2026-03-26T17:29:32+00:00","article:publisher":"https:\/\/www.facebook.com\/people\/Sacra\/61559924301009\/","twitter:card":"summary_large_image","twitter:title":"Winter Skincare for Face &amp; Neck | SACRA Guide","twitter:description":"Support dry winter skin with a gentle, barrier-first routine. Discover SACRA\u2019s recommendations for winter skincare for the face and neck.","twitter:image":"https:\/\/sacracosmetics.com\/wp-content\/uploads\/2026\/03\/nika_akin-natural-4644374-scaled.jpg"},"aioseo_meta_data":{"post_id":"4366","title":"Winter Skincare for Face &amp; Neck | SACRA Guide","description":"Sostenete la pelle secca dell'inverno con una routine delicata e che faccia da barriera. Scoprite i consigli di SACRA per la cura della pelle invernale di viso e collo.","keywords":null,"keyphrases":{"focus":{"keyphrase":"winter skincare","score":90,"analysis":{"keyphraseInTitle":{"score":9,"maxScore":9,"error":0},"keyphraseInDescription":{"score":9,"maxScore":9,"error":0},"keyphraseLength":{"score":9,"maxScore":9,"error":0,"length":2},"keyphraseInURL":{"score":5,"maxScore":5,"error":0},"keyphraseInIntroduction":{"score":9,"maxScore":9,"error":0},"keyphraseInSubHeadings":{"score":3,"maxScore":9,"error":1},"keyphraseInImageAlt":[],"keywordDensity":{"type":"best","score":9,"maxScore":9,"error":0}}},"additional":[]},"primary_term":null,"canonical_url":null,"og_title":null,"og_description":null,"og_object_type":"default","og_image_type":"featured","og_image_url":"https:\/\/sacracosmetics.com\/wp-content\/uploads\/2026\/03\/nika_akin-natural-4644374-scaled.jpg","og_image_width":"1707","og_image_height":"2560","og_image_custom_url":null,"og_image_custom_fields":null,"og_video":"","og_custom_url":null,"og_article_section":null,"og_article_tags":null,"twitter_use_og":false,"twitter_card":"default","twitter_image_type":"default","twitter_image_url":null,"twitter_image_custom_url":null,"twitter_image_custom_fields":null,"twitter_title":null,"twitter_description":null,"schema":{"blockGraphs":[],"customGraphs":[],"default":{"data":{"Article":[],"Course":[],"Dataset":[],"FAQPage":[],"Movie":[],"Person":[],"Product":[],"ProductReview":[],"Car":[],"Recipe":[],"Service":[],"SoftwareApplication":[],"WebPage":[]},"graphName":"BlogPosting","isEnabled":true},"graphs":[]},"schema_type":"default","schema_type_options":null,"pillar_content":false,"robots_default":true,"robots_noindex":false,"robots_noarchive":false,"robots_nosnippet":false,"robots_nofollow":false,"robots_noimageindex":false,"robots_noodp":false,"robots_notranslate":false,"robots_max_snippet":"-1","robots_max_videopreview":"-1","robots_max_imagepreview":"large","priority":null,"frequency":"default","local_seo":null,"seo_analyzer_scan_date":"2026-03-26 17:41:48","breadcrumb_settings":null,"limit_modified_date":false,"reviewed_by":null,"open_ai":null,"ai":{"faqs":[],"keyPoints":[],"titles":[],"descriptions":[],"socialPosts":{"email":[],"linkedin":[],"twitter":[],"facebook":[],"instagram":[]}},"created":"2026-01-23 12:01:16","updated":"2026-03-26 17:41:48"},"aioseo_breadcrumb":"<div class=\"aioseo-breadcrumbs\"><span class=\"aioseo-breadcrumb\">\n\t<a href=\"https:\/\/sacracosmetics.com\/it\" title=\"Home\">Home<\/a>\n<\/span><span class=\"aioseo-breadcrumb-separator\">&raquo;<\/span><span class=\"aioseo-breadcrumb\">\n\t<a href=\"https:\/\/sacracosmetics.com\/it\/categoria\/non-classificato\/\" title=\"Uncategorized\">Uncategorized<\/a>\n<\/span><span class=\"aioseo-breadcrumb-separator\">&raquo;<\/span><span class=\"aioseo-breadcrumb\">\n\tBest Winter Skincare Routine for Face and Neck Guide: Repair Dryness, Strengthen Barrier\n<\/span><\/div>","aioseo_breadcrumb_json":[{"label":"Home","link":"https:\/\/sacracosmetics.com\/it"},{"label":"Uncategorized","link":"https:\/\/sacracosmetics.com\/it\/categoria\/non-classificato\/"},{"label":"Best Winter Skincare Routine for Face and Neck Guide: Repair Dryness, Strengthen Barrier","link":"https:\/\/sacracosmetics.com\/it\/la-migliore-routine-invernale-per-la-cura-della-pelle-di-viso-e-collo-guida-riparare-la-secchezza-rafforzare-la-barriera\/"}],"_links":{"self":[{"href":"https:\/\/sacracosmetics.com\/it\/wp-json\/wp\/v2\/posts\/4366","targetHints":{"allow":["GET"]}}],"collection":[{"href":"https:\/\/sacracosmetics.com\/it\/wp-json\/wp\/v2\/posts"}],"about":[{"href":"https:\/\/sacracosmetics.com\/it\/wp-json\/wp\/v2\/types\/post"}],"author":[{"embeddable":true,"href":"https:\/\/sacracosmetics.com\/it\/wp-json\/wp\/v2\/users\/2"}],"replies":[{"embeddable":true,"href":"https:\/\/sacracosmetics.com\/it\/wp-json\/wp\/v2\/comments?post=4366"}],"version-history":[{"count":3,"href":"https:\/\/sacracosmetics.com\/it\/wp-json\/wp\/v2\/posts\/4366\/revisions"}],"predecessor-version":[{"id":4566,"href":"https:\/\/sacracosmetics.com\/it\/wp-json\/wp\/v2\/posts\/4366\/revisions\/4566"}],"wp:featuredmedia":[{"embeddable":true,"href":"https:\/\/sacracosmetics.com\/it\/wp-json\/wp\/v2\/media\/4547"}],"wp:attachment":[{"href":"https:\/\/sacracosmetics.com\/it\/wp-json\/wp\/v2\/media?parent=4366"}],"wp:term":[{"taxonomy":"category","embeddable":true,"href":"https:\/\/sacracosmetics.com\/it\/wp-json\/wp\/v2\/categories?post=4366"},{"taxonomy":"post_tag","embeddable":true,"href":"https:\/\/sacracosmetics.com\/it\/wp-json\/wp\/v2\/tags?post=4366"}],"curies":[{"name":"wp","href":"https:\/\/api.w.org\/{rel}","templated":true}]}}