{"id":4057,"date":"2025-08-08T13:40:51","date_gmt":"2025-08-08T10:40:51","guid":{"rendered":"https:\/\/sacracosmetics.com\/?p=4057"},"modified":"2025-08-11T10:57:52","modified_gmt":"2025-08-11T07:57:52","slug":"cum-sa-folositi-acidul-glicolic-in-timpul-verii","status":"publish","type":"post","link":"https:\/\/sacracosmetics.com\/ro\/cum-sa-folositi-acidul-glicolic-in-timpul-verii\/","title":{"rendered":"Cum s\u0103 folose\u0219ti acidul glicolic vara"},"content":{"rendered":"<p>Cur\u0103\u021ba\u021bi, hidrata\u021bi \u0219i purta\u021bi protec\u021bie solar\u0103 ca pe o a doua piele, dar ceva se schimb\u0103. Fa\u021ba ta se simte \u00eenfundat\u0103, grea, aproape ca \u0219i cum ar re\u021bine mai mult dec\u00e2t are nevoie. Porii par mai vizibili \u0219i, \u00eenainte s\u0103-\u021bi dai seama, \u00eencep s\u0103 apar\u0103 petele de soare.<\/p>\n\n\n\n<p>Nu este vorba c\u0103 rutina ta este gre\u0219it\u0103, dar vara aduce propriul ei ritm. Transpira\u021bia, SPF, poluarea \u0219i sebumul se combin\u0103 pentru a forma o pelicul\u0103 fin\u0103 pe piele. F\u0103r\u0103 o exfoliere delicat\u0103, aceast\u0103 acumulare estompeaz\u0103 str\u0103lucirea \u0219i favorizeaz\u0103 congestia \u0219i pigmentarea. Aici intervine acidul glicolic - nu ca un scrub dur, ci ca o resetare lini\u0219tit\u0103 \u0219i o expira\u021bie mai profund\u0103 pentru piele.<\/p>\n\n\n\n<h3 class=\"wp-block-heading\">Pot folosi acid glicolic vara f\u0103r\u0103 a-mi deteriora pielea?<\/h3>\n\n\n\n<p>Da, absolut - atunci c\u00e2nd respec\u021bi momentul potrivit. Acidul glicolic se aplic\u0103 cel mai bine noaptea, c\u00e2nd pielea este \u00een <a href=\"https:\/\/www.medicalnewstoday.com\/articles\/glycolic-acid-for-skin?utm_source=chatgpt.com\" target=\"_blank\" rel=\"noopener\" title=\"\">modul de reparare<\/a>. Diminea\u021ba, un voal generos de SPF cu spectru larg protejeaz\u0103 celulele proaspete \u0219i luminoase pe care le-a\u021bi dezv\u0103luit. P\u00e2n\u0103 diminea\u021ba, aplicarea unui strat generos de SPF cu spectru larg protejeaz\u0103 celulele proaspete, luminoase pe care le-a\u021bi dezv\u0103luit. Aceast\u0103 combina\u021bie - acid pe timp de noapte, SPF pe timp de zi - men\u021bine pielea curat\u0103 f\u0103r\u0103 a-i compromite s\u0103n\u0103tatea.<\/p>\n\n\n\n<h3 class=\"wp-block-heading\">Ce anume face acidul glicolic \u00een vreme cald\u0103?<\/h3>\n\n\n\n<p> Acidul glicolic este micul exfoliant al naturii, provenit din trestia de zah\u0103r \u0219i suficient de mic pentru a se strecura \u00eentre celulele pielii. Datorit\u0103 m\u0103rimii sale, poate topi ceea ce nu mai serve\u0219te pielii tale. \u00cen vreme cald\u0103, ajut\u0103 la:<\/p>\n\n\n\n<ul class=\"wp-block-list\">\n<li>Deblocheaz\u0103 porii congestiona\u021bi<\/li>\n\n\n\n<li>Textura neted\u0103 f\u0103r\u0103 abraziune<\/li>\n\n\n\n<li>Atenua\u021bi petele solare timpurii \u00eenainte ca acestea s\u0103 devin\u0103 permanente<\/li>\n<\/ul>\n\n\n\n<p>Atunci c\u00e2nd este utilizat \u00een mod consecvent, red\u0103 luminozitatea f\u0103r\u0103 dramatism.<\/p>\n\n\n\n<h3 class=\"wp-block-heading\">Ce putere a acidului glicolic este cea mai bun\u0103 \u00een timpul verii?<\/h3>\n\n\n\n<p>R\u0103m\u00e2ne\u021bi \u00een zona Goldilocks: 5-7 %. Suficient de puternic pentru a face treaba, suficient de delicat pentru pielea r\u0103sf\u0103\u021bat\u0103 de soare. Formula noastr\u0103 de 6 % tr\u0103ie\u0219te \u00een acea dulce zon\u0103 de mijloc - echilibrat\u0103, tamponat\u0103 \u0219i eficient\u0103 f\u0103r\u0103 irita\u021bii.<\/p>\n\n\n\n<h3 class=\"wp-block-heading\">Care este cel mai sigur mod de a utiliza acidul glicolic \u00een timpul verii?<\/h3>\n\n\n\n<p>Puterea ideal\u0103 de var\u0103 pentru majoritatea tipurilor de piele este \u00eentre 5-7 procente. Aceast\u0103 gam\u0103 este suficient de puternic\u0103 pentru a exfolia eficient, dar suficient de bl\u00e2nd\u0103 pentru o piele ferbinte de soare. Formula 6% se situeaz\u0103 perfect \u00een aceast\u0103 zon\u0103 - echilibrat\u0103, tamponat\u0103 \u0219i eficient\u0103 f\u0103r\u0103 irita\u021bii. Iat\u0103 ritmul pe care \u00eel recomand\u0103m:<\/p>\n\n\n\n<ol class=\"wp-block-list\">\n<li><strong>Alege\u021bi o formul\u0103 \u00eentre 5-7 %.<\/strong><\/li>\n\n\n\n<li><strong>Se aplic\u0103 numai noaptea.<\/strong>&nbsp;Piele curat\u0103. Un strat sub\u021bire. A\u0219tepta\u021bi o respira\u021bie sau dou\u0103. Apoi hidrateaz\u0103.<\/li>\n\n\n\n<li><strong>\u00cencepe\u021bi cu dou\u0103 nop\u021bi pe s\u0103pt\u0103m\u00e2n\u0103.<\/strong>&nbsp;Oferi\u021bi pielii spa\u021biu pentru a se adapta.<\/li>\n\n\n\n<li><strong>Evita\u021bi stratificarea activ\u0103.<\/strong>&nbsp;S\u0103ri\u021bi peste retinoizi \u0219i scruburi \u00een nop\u021bile cu glicolic.<\/li>\n\n\n\n<li><strong>Urm\u0103ri\u021bi cum v\u0103 sim\u021bi\u021bi pielea.<\/strong>&nbsp;Dac\u0103 te furnic\u0103 prea tare, odihne\u0219te-te. Hidrata\u021bi-v\u0103. \u00centoarce\u021bi-v\u0103 \u00eencet.<\/li>\n\n\n\n<li><strong>F\u0103 din SPF ritualul t\u0103u.<\/strong>&nbsp;\u00cen fiecare diminea\u021b\u0103, f\u0103r\u0103 gre\u0219.<\/li>\n<\/ol>\n\n\n\n<p>L\u0103sa\u021bi pielea s\u0103 v\u0103 conduc\u0103. Glicolicul nu este o curs\u0103 - este un companion lini\u0219tit.<\/p>\n\n\n\n<h3 class=\"wp-block-heading\">Care este un ser cu acid glicolic bun pentru var\u0103?<\/h3>\n\n\n\n<p>noastre&nbsp;<a href=\"https:\/\/sacracosmetics.com\/ro\/product\/ser-bioexfoliant-ultra-clarifiant-6-acid-glicolic\/\" title=\"\"><strong>Ser bio-exfoliant ultra-clarifiant<\/strong><\/a>&nbsp;este conceput pentru acest sezon. Un nucleu glicolic de 6 % tamponat cu prickly pear, ulei de argan \u0219i glicerin\u0103 - astfel \u00eenc\u00e2t exfoliaz\u0103 cu precizie \u0219i tandre\u021be. F\u0103r\u0103 \u00een\u021bep\u0103turi, f\u0103r\u0103 lipici, f\u0103r\u0103 parfum greu. Doar o piele moale \u0219i curat\u0103, care pare c\u0103 poate respira \u00een sf\u00e2r\u0219it.<\/p>\n\n\n\n<figure class=\"wp-block-image size-large\"><img decoding=\"async\" width=\"1024\" height=\"1024\" src=\"https:\/\/sacracosmetics.com\/wp-content\/uploads\/2025\/07\/SACRA-ads-square-1024x1024.png\" alt=\"\" class=\"wp-image-4001\" srcset=\"https:\/\/sacracosmetics.com\/wp-content\/uploads\/2025\/07\/SACRA-ads-square-1024x1024.png 1024w, https:\/\/sacracosmetics.com\/wp-content\/uploads\/2025\/07\/SACRA-ads-square-300x300.png 300w, https:\/\/sacracosmetics.com\/wp-content\/uploads\/2025\/07\/SACRA-ads-square-150x150.png 150w, https:\/\/sacracosmetics.com\/wp-content\/uploads\/2025\/07\/SACRA-ads-square-768x768.png 768w, https:\/\/sacracosmetics.com\/wp-content\/uploads\/2025\/07\/SACRA-ads-square-12x12.png 12w, https:\/\/sacracosmetics.com\/wp-content\/uploads\/2025\/07\/SACRA-ads-square-600x600.png 600w, https:\/\/sacracosmetics.com\/wp-content\/uploads\/2025\/07\/SACRA-ads-square-100x100.png 100w, https:\/\/sacracosmetics.com\/wp-content\/uploads\/2025\/07\/SACRA-ads-square.png 1080w\" sizes=\"(max-width: 1024px) 100vw, 1024px\" \/><\/figure>\n\n\n\n<p>Folosi\u021bi-l dou\u0103-trei nop\u021bi pe s\u0103pt\u0103m\u00e2n\u0103 \u0219i l\u0103sa\u021bi rezultatele s\u0103 apar\u0103 treptat - por cu por, pat\u0103 cu pat\u0103, respira\u021bie cu respira\u021bie.<\/p>\n\n\n\n<h3 class=\"wp-block-heading\">C\u00e2nd ar trebui s\u0103 sar peste glycolic?<\/h3>\n\n\n\n<p>\u00centrerupe\u021bi rutina cu acid glicolic dac\u0103 pielea este ars\u0103 de soare, supra\u00eenc\u0103lzit\u0103, proasp\u0103t epilat\u0103 cu cear\u0103 sau sub stres. Acesta este momentul s\u0103 o l\u0103sa\u021bi s\u0103 se odihneasc\u0103 \u0219i s\u0103 se repare \u00eenainte de a reveni la exfoliere.<\/p>\n\n\n\n<h3 class=\"wp-block-heading\">Deci... pot coexista acidul glicolic \u0219i vara?<\/h3>\n\n\n\n<p>Da, acidul glicolic \u0219i vara pot lucra frumos \u00eempreun\u0103. \u00cen ritmul potrivit, glicolicul deschide calea c\u0103tre str\u0103lucire f\u0103r\u0103 a compromite lini\u0219tea pielii. Folosit cu \u00een\u021belepciune, al\u0103turi de SPF zilnic \u0219i \u00eengrijire atent\u0103, acesta devine un aliat al verii. Pielea ta poate str\u0103luci nu \u00een ciuda exfolierii, ci datorit\u0103 modului grijuliu \u00een care o aplici.<\/p>\n\n\n\n<p>L\u0103sa\u021bi ritualul s\u0103 fie bl\u00e2nd. L\u0103sa\u021bi str\u0103lucirea s\u0103 se desf\u0103\u0219oare \u00eencet, dar \u00een siguran\u021b\u0103. <\/p>\n\n\n\n<p><\/p>\n\n\n\n<p><strong>Principalele concluzii<\/strong><\/p>\n\n\n\n<div class=\"wp-block-aioseo-key-points\"><div class=\"aioseo-key-points-block-content\">\n<ul class=\"wp-block-list\">\n<li><strong>Rolul acidului glicolic \u00een \u00eengrijirea pielii de var\u0103:<\/strong> Acidul glicolic ajut\u0103 la desfundarea porilor, la netezirea texturii \u0219i la estomparea petelor de soare \u00een timpul verii prin exfolierea delicat\u0103 a acumul\u0103rilor cauzate de transpira\u021bie, poluare \u0219i sebum.<\/li>\n\n\n\n<li><strong>Utilizarea acidului glicolic \u00een siguran\u021b\u0103 \u00een timpul verii:<\/strong> Aplica\u021bi acid glicolic noaptea cu o formul\u0103 5-7%, \u00eencep\u00e2nd cu dou\u0103 nop\u021bi pe s\u0103pt\u0103m\u00e2n\u0103, \u0219i urma\u021bi \u00eentotdeauna cu SPF cu spectru larg \u00een fiecare diminea\u021b\u0103 pentru a proteja pielea sensibil\u0103, recent descoperit\u0103.<\/li>\n\n\n\n<li><strong>Putere \u0219i aplicare optim\u0103 pentru var\u0103:<\/strong> Un ser cu acid glicolic 6% ofer\u0103 o exfoliere echilibrat\u0103, bl\u00e2nd\u0103, dar eficient\u0103, ideal\u0103 pentru var\u0103, mai ales atunci c\u00e2nd este utilizat\u0103 corespunz\u0103tor \u0219i cu o hidratare adecvat\u0103 a pielii.<\/li>\n\n\n\n<li><strong>Cele mai bune practici pentru utilizarea acidului glicolic de var\u0103:<\/strong> Folosi\u021bi acid glicolic numai noaptea, evita\u021bi stratificarea activ\u0103 cu al\u021bi iritan\u021bi, asculta\u021bi semnalele pielii \u0219i include\u021bi \u00eentotdeauna SPF \u00een rutina de diminea\u021b\u0103.<\/li>\n\n\n\n<li><strong>C\u00e2nd s\u0103 \u00eentrerupe\u021bi tratamentul glicolic \u00een timpul verii:<\/strong> Renun\u021ba\u021bi la glicolic dac\u0103 pielea dvs. este ars\u0103 de soare, fierbinte sau stresat\u0103, pentru a acorda timp de reparare, asigur\u00e2ndu-v\u0103 c\u0103 pielea r\u0103m\u00e2ne s\u0103n\u0103toas\u0103 \u0219i rezistent\u0103.<\/li>\n<\/ul>\n<\/div><\/div>\n\n\n\n<p><\/p>","protected":false},"excerpt":{"rendered":"<p>You\u2019re cleansing, hydrating, and wearing sunscreen like second skin, but something shifts. Your face feels clogged, heavy, almost as if it\u2019s holding on to more than it needs. Pores look more visible and, before you know it, sun spots start to appear. It\u2019s not that your routine is wrong, but summer brings its own rhythm. [&hellip;]<\/p>","protected":false},"author":2,"featured_media":3209,"comment_status":"open","ping_status":"open","sticky":false,"template":"","format":"standard","meta":{"_acf_changed":false,"footnotes":""},"categories":[1],"tags":[],"class_list":["post-4057","post","type-post","status-publish","format-standard","has-post-thumbnail","hentry","category-uncategorized"],"acf":[],"aioseo_notices":[],"aioseo_head":"\n\t\t<!-- All in One SEO Pro 4.9.3 - aioseo.com -->\n\t<meta name=\"description\" content=\"Find out why a 5-7% glycolic acid formula is ideal for summer, helping unclog pores and fade sun spots without irritation.\" \/>\n\t<meta name=\"robots\" content=\"max-image-preview:large\" \/>\n\t<meta name=\"author\" content=\"Sacra Life\"\/>\n\t<link rel=\"canonical\" href=\"https:\/\/sacracosmetics.com\/ro\/cum-sa-folositi-acidul-glicolic-in-timpul-verii\/\" \/>\n\t<meta name=\"generator\" content=\"All in One SEO Pro (AIOSEO) 4.9.3\" \/>\n\t\t<meta property=\"og:locale\" content=\"ro_RO\" \/>\n\t\t<meta property=\"og:site_name\" content=\"Sacra Cosmetics -\" \/>\n\t\t<meta property=\"og:type\" content=\"article\" \/>\n\t\t<meta property=\"og:title\" content=\"How To Use Glycolic Acid in Summer - Sacra Cosmetics\" \/>\n\t\t<meta property=\"og:description\" content=\"Find out why a 5-7% glycolic acid formula is ideal for summer, helping unclog pores and fade sun spots without irritation.\" \/>\n\t\t<meta property=\"og:url\" content=\"https:\/\/sacracosmetics.com\/ro\/cum-sa-folositi-acidul-glicolic-in-timpul-verii\/\" \/>\n\t\t<meta property=\"article:published_time\" content=\"2025-08-08T10:40:51+00:00\" \/>\n\t\t<meta property=\"article:modified_time\" content=\"2025-08-11T07:57:52+00:00\" \/>\n\t\t<meta property=\"article:publisher\" content=\"https:\/\/www.facebook.com\/people\/Sacra\/61559924301009\/\" \/>\n\t\t<meta name=\"twitter:card\" content=\"summary_large_image\" \/>\n\t\t<meta name=\"twitter:title\" content=\"How To Use Glycolic Acid in Summer - Sacra Cosmetics\" \/>\n\t\t<meta name=\"twitter:description\" content=\"Find out why a 5-7% glycolic acid formula is ideal for summer, helping unclog pores and fade sun spots without irritation.\" \/>\n\t\t<script type=\"application\/ld+json\" class=\"aioseo-schema\">\n\t\t\t{\"@context\":\"https:\\\/\\\/schema.org\",\"@graph\":[{\"@type\":\"BlogPosting\",\"@id\":\"https:\\\/\\\/sacracosmetics.com\\\/ro\\\/cum-sa-folositi-acidul-glicolic-in-timpul-verii\\\/#blogposting\",\"name\":\"How To Use Glycolic Acid in Summer - Sacra Cosmetics\",\"headline\":\"How To Use Glycolic Acid in Summer\",\"author\":{\"@id\":\"https:\\\/\\\/sacracosmetics.com\\\/ro\\\/author\\\/sacra\\\/#author\"},\"publisher\":{\"@id\":\"https:\\\/\\\/sacracosmetics.com\\\/ro\\\/#organization\"},\"image\":{\"@type\":\"ImageObject\",\"url\":\"https:\\\/\\\/sacracosmetics.com\\\/wp-content\\\/uploads\\\/2025\\\/06\\\/untitled-27-scaled-e1766142600549.webp\",\"width\":597,\"height\":896},\"datePublished\":\"2025-08-08T13:40:51+03:00\",\"dateModified\":\"2025-08-11T10:57:52+03:00\",\"inLanguage\":\"ro-RO\",\"mainEntityOfPage\":{\"@id\":\"https:\\\/\\\/sacracosmetics.com\\\/ro\\\/cum-sa-folositi-acidul-glicolic-in-timpul-verii\\\/#webpage\"},\"isPartOf\":{\"@id\":\"https:\\\/\\\/sacracosmetics.com\\\/ro\\\/cum-sa-folositi-acidul-glicolic-in-timpul-verii\\\/#webpage\"},\"articleSection\":\"Uncategorized\"},{\"@type\":\"BreadcrumbList\",\"@id\":\"https:\\\/\\\/sacracosmetics.com\\\/ro\\\/cum-sa-folositi-acidul-glicolic-in-timpul-verii\\\/#breadcrumblist\",\"itemListElement\":[{\"@type\":\"ListItem\",\"@id\":\"https:\\\/\\\/sacracosmetics.com\\\/ro#listItem\",\"position\":1,\"name\":\"Home\",\"item\":\"https:\\\/\\\/sacracosmetics.com\\\/ro\",\"nextItem\":{\"@type\":\"ListItem\",\"@id\":\"https:\\\/\\\/sacracosmetics.com\\\/ro\\\/categorie\\\/fara-categorie\\\/#listItem\",\"name\":\"Uncategorized\"}},{\"@type\":\"ListItem\",\"@id\":\"https:\\\/\\\/sacracosmetics.com\\\/ro\\\/categorie\\\/fara-categorie\\\/#listItem\",\"position\":2,\"name\":\"Uncategorized\",\"item\":\"https:\\\/\\\/sacracosmetics.com\\\/ro\\\/categorie\\\/fara-categorie\\\/\",\"nextItem\":{\"@type\":\"ListItem\",\"@id\":\"https:\\\/\\\/sacracosmetics.com\\\/ro\\\/cum-sa-folositi-acidul-glicolic-in-timpul-verii\\\/#listItem\",\"name\":\"How To Use Glycolic Acid in Summer\"},\"previousItem\":{\"@type\":\"ListItem\",\"@id\":\"https:\\\/\\\/sacracosmetics.com\\\/ro#listItem\",\"name\":\"Home\"}},{\"@type\":\"ListItem\",\"@id\":\"https:\\\/\\\/sacracosmetics.com\\\/ro\\\/cum-sa-folositi-acidul-glicolic-in-timpul-verii\\\/#listItem\",\"position\":3,\"name\":\"How To Use Glycolic Acid in Summer\",\"previousItem\":{\"@type\":\"ListItem\",\"@id\":\"https:\\\/\\\/sacracosmetics.com\\\/ro\\\/categorie\\\/fara-categorie\\\/#listItem\",\"name\":\"Uncategorized\"}}]},{\"@type\":\"Organization\",\"@id\":\"https:\\\/\\\/sacracosmetics.com\\\/ro\\\/#organization\",\"name\":\"Sacra Cosmetics\",\"url\":\"https:\\\/\\\/sacracosmetics.com\\\/ro\\\/\",\"telephone\":\"+40770310183\",\"logo\":{\"@type\":\"ImageObject\",\"url\":\"https:\\\/\\\/sacracosmetics.com\\\/wp-content\\\/uploads\\\/2025\\\/06\\\/logo-500.png\",\"@id\":\"https:\\\/\\\/sacracosmetics.com\\\/ro\\\/cum-sa-folositi-acidul-glicolic-in-timpul-verii\\\/#organizationLogo\",\"width\":500,\"height\":500,\"caption\":\"Sacra Cosmetics\"},\"image\":{\"@id\":\"https:\\\/\\\/sacracosmetics.com\\\/ro\\\/cum-sa-folositi-acidul-glicolic-in-timpul-verii\\\/#organizationLogo\"},\"sameAs\":[\"https:\\\/\\\/www.facebook.com\\\/people\\\/Sacra\\\/61559924301009\\\/\",\"https:\\\/\\\/www.instagram.com\\\/sacra.cosmetics\\\/\"]},{\"@type\":\"Person\",\"@id\":\"https:\\\/\\\/sacracosmetics.com\\\/ro\\\/author\\\/sacra\\\/#author\",\"url\":\"https:\\\/\\\/sacracosmetics.com\\\/ro\\\/author\\\/sacra\\\/\",\"name\":\"Sacra Life\",\"image\":{\"@type\":\"ImageObject\",\"@id\":\"https:\\\/\\\/sacracosmetics.com\\\/ro\\\/cum-sa-folositi-acidul-glicolic-in-timpul-verii\\\/#authorImage\",\"url\":\"https:\\\/\\\/secure.gravatar.com\\\/avatar\\\/ef96bc8bcd833bdfad03ccdefd47a4bac8284cbaf641da5f41eba686ef7712d3?s=96&d=mm&r=g\",\"width\":96,\"height\":96,\"caption\":\"Sacra Life\"}},{\"@type\":\"WebPage\",\"@id\":\"https:\\\/\\\/sacracosmetics.com\\\/ro\\\/cum-sa-folositi-acidul-glicolic-in-timpul-verii\\\/#webpage\",\"url\":\"https:\\\/\\\/sacracosmetics.com\\\/ro\\\/cum-sa-folositi-acidul-glicolic-in-timpul-verii\\\/\",\"name\":\"How To Use Glycolic Acid in Summer - Sacra Cosmetics\",\"description\":\"Find out why a 5-7% glycolic acid formula is ideal for summer, helping unclog pores and fade sun spots without irritation.\",\"inLanguage\":\"ro-RO\",\"isPartOf\":{\"@id\":\"https:\\\/\\\/sacracosmetics.com\\\/ro\\\/#website\"},\"breadcrumb\":{\"@id\":\"https:\\\/\\\/sacracosmetics.com\\\/ro\\\/cum-sa-folositi-acidul-glicolic-in-timpul-verii\\\/#breadcrumblist\"},\"author\":{\"@id\":\"https:\\\/\\\/sacracosmetics.com\\\/ro\\\/author\\\/sacra\\\/#author\"},\"creator\":{\"@id\":\"https:\\\/\\\/sacracosmetics.com\\\/ro\\\/author\\\/sacra\\\/#author\"},\"image\":{\"@type\":\"ImageObject\",\"url\":\"https:\\\/\\\/sacracosmetics.com\\\/wp-content\\\/uploads\\\/2025\\\/06\\\/untitled-27-scaled-e1766142600549.webp\",\"@id\":\"https:\\\/\\\/sacracosmetics.com\\\/ro\\\/cum-sa-folositi-acidul-glicolic-in-timpul-verii\\\/#mainImage\",\"width\":597,\"height\":896},\"primaryImageOfPage\":{\"@id\":\"https:\\\/\\\/sacracosmetics.com\\\/ro\\\/cum-sa-folositi-acidul-glicolic-in-timpul-verii\\\/#mainImage\"},\"datePublished\":\"2025-08-08T13:40:51+03:00\",\"dateModified\":\"2025-08-11T10:57:52+03:00\"},{\"@type\":\"WebSite\",\"@id\":\"https:\\\/\\\/sacracosmetics.com\\\/ro\\\/#website\",\"url\":\"https:\\\/\\\/sacracosmetics.com\\\/ro\\\/\",\"name\":\"Sacra Cosmetics\",\"inLanguage\":\"ro-RO\",\"publisher\":{\"@id\":\"https:\\\/\\\/sacracosmetics.com\\\/ro\\\/#organization\"}}]}\n\t\t<\/script>\n\t\t<!-- All in One SEO Pro -->\r\n\t\t<title>How To Use Glycolic Acid in Summer - Sacra Cosmetics<\/title>\n\n","aioseo_head_json":{"title":"Cum s\u0103 folose\u0219ti acidul glicolic \u00een timpul verii - Sacra Cosmetics","description":"Afla\u021bi de ce o formul\u0103 cu acid glicolic 5-7% este ideal\u0103 pentru var\u0103, ajut\u00e2nd la desfundarea porilor \u0219i la estomparea petelor solare f\u0103r\u0103 irita\u021bii.","canonical_url":"https:\/\/sacracosmetics.com\/ro\/cum-sa-folositi-acidul-glicolic-in-timpul-verii\/","robots":"max-image-preview:large","keywords":"","webmasterTools":{"miscellaneous":""},"schema":{"@context":"https:\/\/schema.org","@graph":[{"@type":"BlogPosting","@id":"https:\/\/sacracosmetics.com\/ro\/cum-sa-folositi-acidul-glicolic-in-timpul-verii\/#blogposting","name":"How To Use Glycolic Acid in Summer - Sacra Cosmetics","headline":"How To Use Glycolic Acid in Summer","author":{"@id":"https:\/\/sacracosmetics.com\/ro\/author\/sacra\/#author"},"publisher":{"@id":"https:\/\/sacracosmetics.com\/ro\/#organization"},"image":{"@type":"ImageObject","url":"https:\/\/sacracosmetics.com\/wp-content\/uploads\/2025\/06\/untitled-27-scaled-e1766142600549.webp","width":597,"height":896},"datePublished":"2025-08-08T13:40:51+03:00","dateModified":"2025-08-11T10:57:52+03:00","inLanguage":"ro-RO","mainEntityOfPage":{"@id":"https:\/\/sacracosmetics.com\/ro\/cum-sa-folositi-acidul-glicolic-in-timpul-verii\/#webpage"},"isPartOf":{"@id":"https:\/\/sacracosmetics.com\/ro\/cum-sa-folositi-acidul-glicolic-in-timpul-verii\/#webpage"},"articleSection":"Uncategorized"},{"@type":"BreadcrumbList","@id":"https:\/\/sacracosmetics.com\/ro\/cum-sa-folositi-acidul-glicolic-in-timpul-verii\/#breadcrumblist","itemListElement":[{"@type":"ListItem","@id":"https:\/\/sacracosmetics.com\/ro#listItem","position":1,"name":"Home","item":"https:\/\/sacracosmetics.com\/ro","nextItem":{"@type":"ListItem","@id":"https:\/\/sacracosmetics.com\/ro\/categorie\/fara-categorie\/#listItem","name":"Uncategorized"}},{"@type":"ListItem","@id":"https:\/\/sacracosmetics.com\/ro\/categorie\/fara-categorie\/#listItem","position":2,"name":"Uncategorized","item":"https:\/\/sacracosmetics.com\/ro\/categorie\/fara-categorie\/","nextItem":{"@type":"ListItem","@id":"https:\/\/sacracosmetics.com\/ro\/cum-sa-folositi-acidul-glicolic-in-timpul-verii\/#listItem","name":"How To Use Glycolic Acid in Summer"},"previousItem":{"@type":"ListItem","@id":"https:\/\/sacracosmetics.com\/ro#listItem","name":"Home"}},{"@type":"ListItem","@id":"https:\/\/sacracosmetics.com\/ro\/cum-sa-folositi-acidul-glicolic-in-timpul-verii\/#listItem","position":3,"name":"How To Use Glycolic Acid in Summer","previousItem":{"@type":"ListItem","@id":"https:\/\/sacracosmetics.com\/ro\/categorie\/fara-categorie\/#listItem","name":"Uncategorized"}}]},{"@type":"Organization","@id":"https:\/\/sacracosmetics.com\/ro\/#organization","name":"Sacra Cosmetics","url":"https:\/\/sacracosmetics.com\/ro\/","telephone":"+40770310183","logo":{"@type":"ImageObject","url":"https:\/\/sacracosmetics.com\/wp-content\/uploads\/2025\/06\/logo-500.png","@id":"https:\/\/sacracosmetics.com\/ro\/cum-sa-folositi-acidul-glicolic-in-timpul-verii\/#organizationLogo","width":500,"height":500,"caption":"Sacra Cosmetics"},"image":{"@id":"https:\/\/sacracosmetics.com\/ro\/cum-sa-folositi-acidul-glicolic-in-timpul-verii\/#organizationLogo"},"sameAs":["https:\/\/www.facebook.com\/people\/Sacra\/61559924301009\/","https:\/\/www.instagram.com\/sacra.cosmetics\/"]},{"@type":"Person","@id":"https:\/\/sacracosmetics.com\/ro\/author\/sacra\/#author","url":"https:\/\/sacracosmetics.com\/ro\/author\/sacra\/","name":"Sacra Life","image":{"@type":"ImageObject","@id":"https:\/\/sacracosmetics.com\/ro\/cum-sa-folositi-acidul-glicolic-in-timpul-verii\/#authorImage","url":"https:\/\/secure.gravatar.com\/avatar\/ef96bc8bcd833bdfad03ccdefd47a4bac8284cbaf641da5f41eba686ef7712d3?s=96&d=mm&r=g","width":96,"height":96,"caption":"Sacra Life"}},{"@type":"WebPage","@id":"https:\/\/sacracosmetics.com\/ro\/cum-sa-folositi-acidul-glicolic-in-timpul-verii\/#webpage","url":"https:\/\/sacracosmetics.com\/ro\/cum-sa-folositi-acidul-glicolic-in-timpul-verii\/","name":"How To Use Glycolic Acid in Summer - Sacra Cosmetics","description":"Find out why a 5-7% glycolic acid formula is ideal for summer, helping unclog pores and fade sun spots without irritation.","inLanguage":"ro-RO","isPartOf":{"@id":"https:\/\/sacracosmetics.com\/ro\/#website"},"breadcrumb":{"@id":"https:\/\/sacracosmetics.com\/ro\/cum-sa-folositi-acidul-glicolic-in-timpul-verii\/#breadcrumblist"},"author":{"@id":"https:\/\/sacracosmetics.com\/ro\/author\/sacra\/#author"},"creator":{"@id":"https:\/\/sacracosmetics.com\/ro\/author\/sacra\/#author"},"image":{"@type":"ImageObject","url":"https:\/\/sacracosmetics.com\/wp-content\/uploads\/2025\/06\/untitled-27-scaled-e1766142600549.webp","@id":"https:\/\/sacracosmetics.com\/ro\/cum-sa-folositi-acidul-glicolic-in-timpul-verii\/#mainImage","width":597,"height":896},"primaryImageOfPage":{"@id":"https:\/\/sacracosmetics.com\/ro\/cum-sa-folositi-acidul-glicolic-in-timpul-verii\/#mainImage"},"datePublished":"2025-08-08T13:40:51+03:00","dateModified":"2025-08-11T10:57:52+03:00"},{"@type":"WebSite","@id":"https:\/\/sacracosmetics.com\/ro\/#website","url":"https:\/\/sacracosmetics.com\/ro\/","name":"Sacra Cosmetics","inLanguage":"ro-RO","publisher":{"@id":"https:\/\/sacracosmetics.com\/ro\/#organization"}}]},"og:locale":"ro_RO","og:site_name":"Sacra Cosmetics -","og:type":"article","og:title":"How To Use Glycolic Acid in Summer - Sacra Cosmetics","og:description":"Find out why a 5-7% glycolic acid formula is ideal for summer, helping unclog pores and fade sun spots without irritation.","og:url":"https:\/\/sacracosmetics.com\/ro\/cum-sa-folositi-acidul-glicolic-in-timpul-verii\/","article:published_time":"2025-08-08T10:40:51+00:00","article:modified_time":"2025-08-11T07:57:52+00:00","article:publisher":"https:\/\/www.facebook.com\/people\/Sacra\/61559924301009\/","twitter:card":"summary_large_image","twitter:title":"How To Use Glycolic Acid in Summer - Sacra Cosmetics","twitter:description":"Find out why a 5-7% glycolic acid formula is ideal for summer, helping unclog pores and fade sun spots without irritation."},"aioseo_meta_data":{"post_id":"4057","title":null,"description":"Afla\u021bi de ce o formul\u0103 cu acid glicolic 5-7% este ideal\u0103 pentru var\u0103, ajut\u00e2nd la desfundarea porilor \u0219i la estomparea petelor solare f\u0103r\u0103 irita\u021bii.","keywords":null,"keyphrases":{"focus":{"keyphrase":"","score":0,"analysis":{"keyphraseInTitle":{"score":0,"maxScore":9,"error":1}}},"additional":[]},"primary_term":null,"canonical_url":null,"og_title":null,"og_description":null,"og_object_type":"default","og_image_type":"default","og_image_url":null,"og_image_width":null,"og_image_height":null,"og_image_custom_url":null,"og_image_custom_fields":null,"og_video":"","og_custom_url":null,"og_article_section":null,"og_article_tags":null,"twitter_use_og":false,"twitter_card":"default","twitter_image_type":"default","twitter_image_url":null,"twitter_image_custom_url":null,"twitter_image_custom_fields":null,"twitter_title":null,"twitter_description":null,"schema":{"blockGraphs":[],"customGraphs":[],"default":{"data":{"Article":[],"Course":[],"Dataset":[],"FAQPage":[],"Movie":[],"Person":[],"Product":[],"ProductReview":[],"Car":[],"Recipe":[],"Service":[],"SoftwareApplication":[],"WebPage":[]},"graphName":"BlogPosting","isEnabled":true},"graphs":[]},"schema_type":"default","schema_type_options":null,"pillar_content":false,"robots_default":true,"robots_noindex":false,"robots_noarchive":false,"robots_nosnippet":false,"robots_nofollow":false,"robots_noimageindex":false,"robots_noodp":false,"robots_notranslate":false,"robots_max_snippet":"-1","robots_max_videopreview":"-1","robots_max_imagepreview":"large","priority":null,"frequency":"default","local_seo":null,"seo_analyzer_scan_date":"2026-01-13 12:43:55","breadcrumb_settings":null,"limit_modified_date":false,"reviewed_by":null,"open_ai":null,"ai":{"faqs":[{"question":"Can I use glycolic acid in summer without damaging my skin?","answer":"Yes, you can use glycolic acid in summer when you apply it at night and protect your skin with broad-spectrum SPF during the day. This approach allows your skin to repair and stay protected from sun damage."},{"question":"What exactly does glycolic acid do in warm weather?","answer":"Glycolic acid helps unclog pores, smooths the skin texture without abrasiveness, and fades early sun spots, restoring brightness and clarity to your skin during summer."},{"question":"What strength of glycolic acid is best in summer?","answer":"A glycolic acid strength of 5\u20137% is ideal for summer, with 6% being a balanced and effective concentration that minimizes irritation while delivering results."},{"question":"What\u2019s the safest way to use glycolic acid in the summer?","answer":"Apply a 5\u20137% glycolic acid formula at night on clean skin, starting with two nights a week, avoiding active ingredients like retinoids and scrubs on glycolic nights, and always following up with SPF during the day."},{"question":"When should I skip glycolic acid?","answer":"You should pause using glycolic acid if your skin is sunburned, hot, freshly waxed, or under stress, giving your skin time to recover and repair before resuming use."}],"keyPoints":[{"title":"Glycolic Acid's Role in Summer Skincare","explanation":"Glycolic acid helps unclog pores, smooth texture, and fade sun spots during summer by gently exfoliating buildup caused by sweat, pollution, and sebum."},{"title":"Using Glycolic Acid Safely in Summer","explanation":"Apply glycolic acid at night with a 5-7% formula, starting two nights a week, and always follow with broad-spectrum SPF each morning to protect sensitive, newly revealed skin."},{"title":"Optimal Strength and Application for Summer","explanation":"A 6% glycolic acid serum offers a balanced, gentle yet effective exfoliation ideal for summer, especially when used properly and with proper skin hydration."},{"title":"Best Practices for Summer Glycolic Acid Use","explanation":"Use glycolic acid only at night, avoid active layering with other irritants, listen to your skin's signals, and always incorporate SPF into your morning routine."},{"title":"When to Pause Glycolic Treatment in Summer","explanation":"Skip glycolic if your skin is sunburned, hot, or stressed to allow time for repair, ensuring your skin remains healthy and resilient."}],"titles":[],"descriptions":["Discover how to safely incorporate glycolic acid into summer skincare, enhancing radiance while protecting your skin from sun damage.","Learn the gentle summer routine with glycolic acid, balancing exfoliation and SPF for clear, luminous skin all season long.","Find out why a 5-7% glycolic acid formula is ideal for summer, helping unclog pores and fade sun spots without irritation.","Uncover expert tips on using glycolic acid at night and protecting your skin with SPF by day for a radiant summer glow.","Explore the perfect summer skincare rhythm with glycolic acid and SPF, maintaining skin health and brightness in warm weather."],"socialPosts":{"email":[],"linkedin":[],"twitter":[],"facebook":[],"instagram":[]}},"created":"2025-08-08 10:30:44","updated":"2026-01-13 12:43:55"},"aioseo_breadcrumb":"<div class=\"aioseo-breadcrumbs\"><span class=\"aioseo-breadcrumb\">\n\t<a href=\"https:\/\/sacracosmetics.com\/ro\" title=\"Home\">Home<\/a>\n<\/span><span class=\"aioseo-breadcrumb-separator\">&raquo;<\/span><span class=\"aioseo-breadcrumb\">\n\t<a href=\"https:\/\/sacracosmetics.com\/ro\/categorie\/fara-categorie\/\" title=\"Uncategorized\">Uncategorized<\/a>\n<\/span><span class=\"aioseo-breadcrumb-separator\">&raquo;<\/span><span class=\"aioseo-breadcrumb\">\n\tHow To Use Glycolic Acid in Summer\n<\/span><\/div>","aioseo_breadcrumb_json":[{"label":"Home","link":"https:\/\/sacracosmetics.com\/ro"},{"label":"Uncategorized","link":"https:\/\/sacracosmetics.com\/ro\/categorie\/fara-categorie\/"},{"label":"How To Use Glycolic Acid in Summer","link":"https:\/\/sacracosmetics.com\/ro\/cum-sa-folositi-acidul-glicolic-in-timpul-verii\/"}],"_links":{"self":[{"href":"https:\/\/sacracosmetics.com\/ro\/wp-json\/wp\/v2\/posts\/4057","targetHints":{"allow":["GET"]}}],"collection":[{"href":"https:\/\/sacracosmetics.com\/ro\/wp-json\/wp\/v2\/posts"}],"about":[{"href":"https:\/\/sacracosmetics.com\/ro\/wp-json\/wp\/v2\/types\/post"}],"author":[{"embeddable":true,"href":"https:\/\/sacracosmetics.com\/ro\/wp-json\/wp\/v2\/users\/2"}],"replies":[{"embeddable":true,"href":"https:\/\/sacracosmetics.com\/ro\/wp-json\/wp\/v2\/comments?post=4057"}],"version-history":[{"count":3,"href":"https:\/\/sacracosmetics.com\/ro\/wp-json\/wp\/v2\/posts\/4057\/revisions"}],"predecessor-version":[{"id":4071,"href":"https:\/\/sacracosmetics.com\/ro\/wp-json\/wp\/v2\/posts\/4057\/revisions\/4071"}],"wp:featuredmedia":[{"embeddable":true,"href":"https:\/\/sacracosmetics.com\/ro\/wp-json\/wp\/v2\/media\/3209"}],"wp:attachment":[{"href":"https:\/\/sacracosmetics.com\/ro\/wp-json\/wp\/v2\/media?parent=4057"}],"wp:term":[{"taxonomy":"category","embeddable":true,"href":"https:\/\/sacracosmetics.com\/ro\/wp-json\/wp\/v2\/categories?post=4057"},{"taxonomy":"post_tag","embeddable":true,"href":"https:\/\/sacracosmetics.com\/ro\/wp-json\/wp\/v2\/tags?post=4057"}],"curies":[{"name":"wp","href":"https:\/\/api.w.org\/{rel}","templated":true}]}}