{"id":4061,"date":"2025-08-11T10:29:40","date_gmt":"2025-08-11T07:29:40","guid":{"rendered":"https:\/\/sacracosmetics.com\/?p=4061"},"modified":"2026-03-26T19:13:18","modified_gmt":"2026-03-26T17:13:18","slug":"5-mituri-despre-ingrijirea-pielii-pe-timp-de-vara-pe-care-le-poti-uita","status":"publish","type":"post","link":"https:\/\/sacracosmetics.com\/ro\/5-mituri-despre-ingrijirea-pielii-pe-timp-de-vara-pe-care-le-poti-uita\/","title":{"rendered":"5 mituri despre \u00eengrijirea pielii vara pe care le po\u021bi l\u0103sa \u00een urm\u0103"},"content":{"rendered":"<p>Pentru pielea sensibil\u0103 la soare, rutinele mai simple \u00eenseamn\u0103 mai multe zile de var\u0103 f\u0103r\u0103 griji.<br>Pentru pielea sensibil\u0103 la soare, o rutin\u0103 simpl\u0103 \u00eenseamn\u0103 zile de var\u0103 mai relaxate. La SACRA, credem \u00eentr-o \u00eengrijire bazat\u0103 pe adev\u0103r. De aceea demont\u0103m cinci mituri frecvente\u2014ca s\u0103 \u00ee\u021bi protejezi \u0219i hr\u0103ne\u0219ti pielea cu \u00eencredere, pe tot parcursul sezonului.<\/p>\n\n\n\n<p><strong>1. \"Nu ai nevoie de crem\u0103 hidratant\u0103 c\u00e2nd este cald.\"<\/strong><br>E u\u0219or s\u0103 crezi c\u0103 pielea r\u0103m\u00e2ne hidratat\u0103 vara. Totu\u0219i, c\u0103ldura, soarele \u0219i aerul condi\u021bionat extrag umezeala din piele. Stratul cornos\u2014numit \u0219i bariera cutanat\u0103\u2014este prima ta ap\u0103rare \u00eempotriva poluan\u021bilor, bacteriilor, razelor UV \u0219i a pierderii de ap\u0103.<\/p>\n\n\n\n<p>Este alc\u0103tuit din:<\/p>\n\n\n\n<ul class=\"wp-block-list\">\n<li>Corneocite (celule moarte ale pielii)<\/li>\n\n\n\n<li>Lipide cum ar fi ceramidele, colesterolul \u0219i acizii gra\u0219i<\/li>\n<\/ul>\n\n\n\n<p>C\u00e2nd acest strat este s\u0103n\u0103tos, pielea se simte neted\u0103 \u0219i calm\u0103. Dar c\u00e2nd este deteriorat, poate deveni uscat\u0103, poate cauza m\u00e2nc\u0103rime sau inflama\u021bie. Deoarece razele UV \u0219i c\u0103ldura sl\u0103besc bariera cutanat\u0103, ai nevoie \u00een continuare de hidratare toat\u0103 vara.<\/p>\n\n\n\n<p>De aceea, alegerea unor creme hidratante lejere sau formule cu SPF care con\u021bin agen\u021bi precum hialuronatul de sodiu \u0219i glicerina are sens. Ele refac hidratarea f\u0103r\u0103 s\u0103 blocheze porii.<br><\/p>\n\n\n\n<figure class=\"wp-block-image size-large\"><img decoding=\"async\" width=\"819\" height=\"1024\" src=\"https:\/\/sacracosmetics.com\/wp-content\/uploads\/2025\/07\/With-Product-Image-819x1024.png\" alt=\"\" class=\"wp-image-3999\" srcset=\"https:\/\/sacracosmetics.com\/wp-content\/uploads\/2025\/07\/With-Product-Image-819x1024.png 819w, https:\/\/sacracosmetics.com\/wp-content\/uploads\/2025\/07\/With-Product-Image-240x300.png 240w, https:\/\/sacracosmetics.com\/wp-content\/uploads\/2025\/07\/With-Product-Image-768x960.png 768w, https:\/\/sacracosmetics.com\/wp-content\/uploads\/2025\/07\/With-Product-Image-10x12.png 10w, https:\/\/sacracosmetics.com\/wp-content\/uploads\/2025\/07\/With-Product-Image-600x750.png 600w, https:\/\/sacracosmetics.com\/wp-content\/uploads\/2025\/07\/With-Product-Image.png 1080w\" sizes=\"(max-width: 819px) 100vw, 819px\" \/><figcaption class=\"wp-element-caption\">\u00cel pute\u021bi g\u0103si <a href=\"https:\/\/sacracosmetics.com\/ro\/product\/crema-de-zi-elixir-intense-bio-regenerative\/\" target=\"_blank\" rel=\"noopener\" title=\"\">AICI. <\/a><\/figcaption><\/figure>\n\n\n\n<h3 class=\"wp-block-heading\"><strong>2. \"SPF ar trebui aplicat primul.\"<\/strong><br><strong>De fapt, SPF-ul trebuie s\u0103 fie ultimul pas din rutina ta de diminea\u021b\u0103. Astfel, sigileaz\u0103 produsele \u0219i ofer\u0103 cea mai eficient\u0103 protec\u021bie.<\/strong><\/h3>\n\n\n\n<p>De exemplu, Elixir Day Cream combin\u0103 hidratarea \u0219i filtrele UV cu spectru larg \u00eentr-un singur pas m\u0103t\u0103sos. Drept rezultat, prime\u0219ti at\u00e2t hidratare, c\u00e2t \u0219i protec\u021bie. Pentru protec\u021bie suplimentar\u0103, aplic\u0103 un SPF 50 dup\u0103 rutina ta de \u00eengrijire.<\/p>\n\n\n\n<p class=\"translation-block\"><strong>3. \"Nu este nevoie de SPF \u00een zilele \u00eennorate.\" \u00cen timp ce norii par s\u0103 blocheze razele UV, <strong><a href=\"https:\/\/www.skincancer.org\/risk-factors\/sunburn\/?utm_source=chatgpt.com\" title=\"\" target=\"_self\">p\u00e2n\u0103 la 80%<\/a><\/strong> de raze \u00eenc\u0103 ajung la piele. Prin urmare, razele UVA - legate de \u00eemb\u0103tr\u00e2nirea prematur\u0103 - sunt prezente pe tot parcursul anului.<\/p>\n\n\n\n<p>De aceea, niciun extract din plante nu poate \u00eenlocui SPF-ul. \u00cen schimb, folosim filtre UV reglementate\u2014Octinoxate, Avobenzone \u0219i Octocrylene\u2014al\u0103turi de antioxidan\u021bi precum turmericul \u0219i c\u0103tina, pentru o protec\u021bie complet\u0103 pe tot parcursul zilei.<\/p>\n\n\n\n<p><strong>4. \"Peptidele singure sunt suficiente\".<\/strong><br>Peptidele sunt puternice. Ele stimuleaz\u0103 colagenul \u0219i \u00eent\u0103resc pielea. Totu\u0219i,<strong>,<\/strong> au nevoie de hidratare, antioxidan\u021bi \u0219i protec\u021bie solar\u0103 pentru a oferi rezultate de durat\u0103.<\/p>\n\n\n\n<p>Din acest motiv, Elixir Day Cream combin\u0103 peptidele cu hialuronat de sodiu, antioxidan\u021bi \u0219i filtre UV cu spectru larg. Astfel, prime\u0219ti un sistem complet de sus\u021binere a barierei cutanate, f\u0103r\u0103 s\u0103 cari dup\u0103 tine nenum\u0103rate produse.<strong>,<\/strong> ob\u021bine\u021bi un sistem complet de sus\u021binere a barierelor f\u0103r\u0103 a c\u0103ra produse f\u0103r\u0103 sf\u00e2r\u0219it.<\/p>\n\n\n\n<p>Vara aceasta, aminte\u0219te-\u021bi:<\/p>\n\n\n\n<ul class=\"wp-block-list\">\n<li>Hidrateaz\u0103-te mereu, chiar \u0219i pe c\u0103ldur\u0103<\/li>\n\n\n\n<li>Aplic\u0103 produsele \u00een ordine, cu scop<\/li>\n\n\n\n<li>Poart\u0103 SPF \u00een fiecare zi<\/li>\n\n\n\n<li>Asociaz\u0103 activii bl\u00e2nzi cu protec\u021bia solar\u0103<\/li>\n<\/ul>\n\n\n\n<p>Pentru c\u0103 pielea ta merit\u0103 ritualuri \u00eenr\u0103d\u0103cinate \u00een natur\u0103 \u0219i sus\u021binute de \u0219tiin\u021b\u0103.<\/p>\n\n\n\n<p><\/p>\n\n\n\n<p><em>Foto principal\u0103 de Fleur Kaan.<\/em><\/p>\n\n\n\n<p><\/p>","protected":false},"excerpt":{"rendered":"<p>For sun-sensitive skin, simpler routines mean more carefree summer days.At SACRA, we believe in care rooted in truth. That\u2019s why we\u2019re clearing up five common myths\u2014so you can protect and nourish your skin with confidence all season long. 1. \u201cYou don\u2019t need moisturiser when it\u2019s hot.\u201dIt\u2019s easy to think your skin stays hydrated in summer. [&hellip;]<\/p>","protected":false},"author":2,"featured_media":4558,"comment_status":"open","ping_status":"open","sticky":false,"template":"","format":"standard","meta":{"_acf_changed":false,"footnotes":""},"categories":[1],"tags":[],"class_list":["post-4061","post","type-post","status-publish","format-standard","has-post-thumbnail","hentry","category-uncategorized"],"acf":[],"aioseo_notices":[],"aioseo_head":"\n\t\t<!-- All in One SEO Pro 4.9.3 - aioseo.com -->\n\t<meta name=\"description\" content=\"Heat, UV, air conditioning, and even over-cleansing can weaken the stratum corneum, leading to dehydration and sensitivity.\" \/>\n\t<meta name=\"robots\" content=\"max-image-preview:large\" \/>\n\t<meta name=\"author\" content=\"Sacra Life\"\/>\n\t<link rel=\"canonical\" href=\"https:\/\/sacracosmetics.com\/ro\/5-mituri-despre-ingrijirea-pielii-pe-timp-de-vara-pe-care-le-poti-uita\/\" \/>\n\t<meta name=\"generator\" content=\"All in One SEO Pro (AIOSEO) 4.9.3\" \/>\n\t\t<meta property=\"og:locale\" content=\"ro_RO\" \/>\n\t\t<meta property=\"og:site_name\" content=\"Sacra Cosmetics -\" \/>\n\t\t<meta property=\"og:type\" content=\"article\" \/>\n\t\t<meta property=\"og:title\" content=\"5 Summer Skincare Myths You Can Forget - Sacra Cosmetics\" \/>\n\t\t<meta property=\"og:description\" content=\"Heat, UV, air conditioning, and even over-cleansing can weaken the stratum corneum, leading to dehydration and sensitivity.\" \/>\n\t\t<meta property=\"og:url\" content=\"https:\/\/sacracosmetics.com\/ro\/5-mituri-despre-ingrijirea-pielii-pe-timp-de-vara-pe-care-le-poti-uita\/\" \/>\n\t\t<meta property=\"article:published_time\" content=\"2025-08-11T07:29:40+00:00\" \/>\n\t\t<meta property=\"article:modified_time\" content=\"2026-03-26T17:13:18+00:00\" \/>\n\t\t<meta property=\"article:publisher\" content=\"https:\/\/www.facebook.com\/people\/Sacra\/61559924301009\/\" \/>\n\t\t<meta name=\"twitter:card\" content=\"summary_large_image\" \/>\n\t\t<meta name=\"twitter:title\" content=\"5 Summer Skincare Myths You Can Forget - Sacra Cosmetics\" \/>\n\t\t<meta name=\"twitter:description\" content=\"Heat, UV, air conditioning, and even over-cleansing can weaken the stratum corneum, leading to dehydration and sensitivity.\" \/>\n\t\t<script type=\"application\/ld+json\" class=\"aioseo-schema\">\n\t\t\t{\"@context\":\"https:\\\/\\\/schema.org\",\"@graph\":[{\"@type\":\"BlogPosting\",\"@id\":\"https:\\\/\\\/sacracosmetics.com\\\/ro\\\/5-mituri-despre-ingrijirea-pielii-pe-timp-de-vara-pe-care-le-poti-uita\\\/#blogposting\",\"name\":\"5 Summer Skincare Myths You Can Forget - Sacra Cosmetics\",\"headline\":\"5 Summer Skincare Myths You Can Forget\",\"author\":{\"@id\":\"https:\\\/\\\/sacracosmetics.com\\\/ro\\\/author\\\/sacra\\\/#author\"},\"publisher\":{\"@id\":\"https:\\\/\\\/sacracosmetics.com\\\/ro\\\/#organization\"},\"image\":{\"@type\":\"ImageObject\",\"url\":\"https:\\\/\\\/sacracosmetics.com\\\/wp-content\\\/uploads\\\/2025\\\/08\\\/fleur-kaan-w4Dj3MshHQ0-unsplash-scaled.jpg\",\"width\":2560,\"height\":1707},\"datePublished\":\"2025-08-11T10:29:40+03:00\",\"dateModified\":\"2026-03-26T19:13:18+02:00\",\"inLanguage\":\"ro-RO\",\"mainEntityOfPage\":{\"@id\":\"https:\\\/\\\/sacracosmetics.com\\\/ro\\\/5-mituri-despre-ingrijirea-pielii-pe-timp-de-vara-pe-care-le-poti-uita\\\/#webpage\"},\"isPartOf\":{\"@id\":\"https:\\\/\\\/sacracosmetics.com\\\/ro\\\/5-mituri-despre-ingrijirea-pielii-pe-timp-de-vara-pe-care-le-poti-uita\\\/#webpage\"},\"articleSection\":\"Uncategorized\"},{\"@type\":\"BreadcrumbList\",\"@id\":\"https:\\\/\\\/sacracosmetics.com\\\/ro\\\/5-mituri-despre-ingrijirea-pielii-pe-timp-de-vara-pe-care-le-poti-uita\\\/#breadcrumblist\",\"itemListElement\":[{\"@type\":\"ListItem\",\"@id\":\"https:\\\/\\\/sacracosmetics.com\\\/ro#listItem\",\"position\":1,\"name\":\"Home\",\"item\":\"https:\\\/\\\/sacracosmetics.com\\\/ro\",\"nextItem\":{\"@type\":\"ListItem\",\"@id\":\"https:\\\/\\\/sacracosmetics.com\\\/ro\\\/categorie\\\/fara-categorie\\\/#listItem\",\"name\":\"Uncategorized\"}},{\"@type\":\"ListItem\",\"@id\":\"https:\\\/\\\/sacracosmetics.com\\\/ro\\\/categorie\\\/fara-categorie\\\/#listItem\",\"position\":2,\"name\":\"Uncategorized\",\"item\":\"https:\\\/\\\/sacracosmetics.com\\\/ro\\\/categorie\\\/fara-categorie\\\/\",\"nextItem\":{\"@type\":\"ListItem\",\"@id\":\"https:\\\/\\\/sacracosmetics.com\\\/ro\\\/5-mituri-despre-ingrijirea-pielii-pe-timp-de-vara-pe-care-le-poti-uita\\\/#listItem\",\"name\":\"5 Summer Skincare Myths You Can Forget\"},\"previousItem\":{\"@type\":\"ListItem\",\"@id\":\"https:\\\/\\\/sacracosmetics.com\\\/ro#listItem\",\"name\":\"Home\"}},{\"@type\":\"ListItem\",\"@id\":\"https:\\\/\\\/sacracosmetics.com\\\/ro\\\/5-mituri-despre-ingrijirea-pielii-pe-timp-de-vara-pe-care-le-poti-uita\\\/#listItem\",\"position\":3,\"name\":\"5 Summer Skincare Myths You Can Forget\",\"previousItem\":{\"@type\":\"ListItem\",\"@id\":\"https:\\\/\\\/sacracosmetics.com\\\/ro\\\/categorie\\\/fara-categorie\\\/#listItem\",\"name\":\"Uncategorized\"}}]},{\"@type\":\"Organization\",\"@id\":\"https:\\\/\\\/sacracosmetics.com\\\/ro\\\/#organization\",\"name\":\"Sacra Cosmetics\",\"url\":\"https:\\\/\\\/sacracosmetics.com\\\/ro\\\/\",\"telephone\":\"+40770310183\",\"logo\":{\"@type\":\"ImageObject\",\"url\":\"https:\\\/\\\/sacracosmetics.com\\\/wp-content\\\/uploads\\\/2025\\\/06\\\/logo-500.png\",\"@id\":\"https:\\\/\\\/sacracosmetics.com\\\/ro\\\/5-mituri-despre-ingrijirea-pielii-pe-timp-de-vara-pe-care-le-poti-uita\\\/#organizationLogo\",\"width\":500,\"height\":500,\"caption\":\"Sacra Cosmetics\"},\"image\":{\"@id\":\"https:\\\/\\\/sacracosmetics.com\\\/ro\\\/5-mituri-despre-ingrijirea-pielii-pe-timp-de-vara-pe-care-le-poti-uita\\\/#organizationLogo\"},\"sameAs\":[\"https:\\\/\\\/www.facebook.com\\\/people\\\/Sacra\\\/61559924301009\\\/\",\"https:\\\/\\\/www.instagram.com\\\/sacra.cosmetics\\\/\"]},{\"@type\":\"Person\",\"@id\":\"https:\\\/\\\/sacracosmetics.com\\\/ro\\\/author\\\/sacra\\\/#author\",\"url\":\"https:\\\/\\\/sacracosmetics.com\\\/ro\\\/author\\\/sacra\\\/\",\"name\":\"Sacra Life\",\"image\":{\"@type\":\"ImageObject\",\"@id\":\"https:\\\/\\\/sacracosmetics.com\\\/ro\\\/5-mituri-despre-ingrijirea-pielii-pe-timp-de-vara-pe-care-le-poti-uita\\\/#authorImage\",\"url\":\"https:\\\/\\\/secure.gravatar.com\\\/avatar\\\/ef96bc8bcd833bdfad03ccdefd47a4bac8284cbaf641da5f41eba686ef7712d3?s=96&d=mm&r=g\",\"width\":96,\"height\":96,\"caption\":\"Sacra Life\"}},{\"@type\":\"WebPage\",\"@id\":\"https:\\\/\\\/sacracosmetics.com\\\/ro\\\/5-mituri-despre-ingrijirea-pielii-pe-timp-de-vara-pe-care-le-poti-uita\\\/#webpage\",\"url\":\"https:\\\/\\\/sacracosmetics.com\\\/ro\\\/5-mituri-despre-ingrijirea-pielii-pe-timp-de-vara-pe-care-le-poti-uita\\\/\",\"name\":\"5 Summer Skincare Myths You Can Forget - Sacra Cosmetics\",\"description\":\"Heat, UV, air conditioning, and even over-cleansing can weaken the stratum corneum, leading to dehydration and sensitivity.\",\"inLanguage\":\"ro-RO\",\"isPartOf\":{\"@id\":\"https:\\\/\\\/sacracosmetics.com\\\/ro\\\/#website\"},\"breadcrumb\":{\"@id\":\"https:\\\/\\\/sacracosmetics.com\\\/ro\\\/5-mituri-despre-ingrijirea-pielii-pe-timp-de-vara-pe-care-le-poti-uita\\\/#breadcrumblist\"},\"author\":{\"@id\":\"https:\\\/\\\/sacracosmetics.com\\\/ro\\\/author\\\/sacra\\\/#author\"},\"creator\":{\"@id\":\"https:\\\/\\\/sacracosmetics.com\\\/ro\\\/author\\\/sacra\\\/#author\"},\"image\":{\"@type\":\"ImageObject\",\"url\":\"https:\\\/\\\/sacracosmetics.com\\\/wp-content\\\/uploads\\\/2025\\\/08\\\/fleur-kaan-w4Dj3MshHQ0-unsplash-scaled.jpg\",\"@id\":\"https:\\\/\\\/sacracosmetics.com\\\/ro\\\/5-mituri-despre-ingrijirea-pielii-pe-timp-de-vara-pe-care-le-poti-uita\\\/#mainImage\",\"width\":2560,\"height\":1707},\"primaryImageOfPage\":{\"@id\":\"https:\\\/\\\/sacracosmetics.com\\\/ro\\\/5-mituri-despre-ingrijirea-pielii-pe-timp-de-vara-pe-care-le-poti-uita\\\/#mainImage\"},\"datePublished\":\"2025-08-11T10:29:40+03:00\",\"dateModified\":\"2026-03-26T19:13:18+02:00\"},{\"@type\":\"WebSite\",\"@id\":\"https:\\\/\\\/sacracosmetics.com\\\/ro\\\/#website\",\"url\":\"https:\\\/\\\/sacracosmetics.com\\\/ro\\\/\",\"name\":\"Sacra Cosmetics\",\"inLanguage\":\"ro-RO\",\"publisher\":{\"@id\":\"https:\\\/\\\/sacracosmetics.com\\\/ro\\\/#organization\"}}]}\n\t\t<\/script>\n\t\t<!-- All in One SEO Pro -->\r\n\t\t<title>5 Summer Skincare Myths You Can Forget - Sacra Cosmetics<\/title>\n\n","aioseo_head_json":{"title":"5 mituri despre \u00eengrijirea pielii de var\u0103 pe care le po\u021bi uita - Sacra Cosmetics","description":"C\u0103ldura, razele UV, aerul condi\u021bionat \u0219i chiar cur\u0103\u021barea excesiv\u0103 pot sl\u0103bi stratul cornos, duc\u00e2nd la deshidratare \u0219i sensibilitate.","canonical_url":"https:\/\/sacracosmetics.com\/ro\/5-mituri-despre-ingrijirea-pielii-pe-timp-de-vara-pe-care-le-poti-uita\/","robots":"max-image-preview:large","keywords":"","webmasterTools":{"miscellaneous":""},"schema":{"@context":"https:\/\/schema.org","@graph":[{"@type":"BlogPosting","@id":"https:\/\/sacracosmetics.com\/ro\/5-mituri-despre-ingrijirea-pielii-pe-timp-de-vara-pe-care-le-poti-uita\/#blogposting","name":"5 Summer Skincare Myths You Can Forget - Sacra Cosmetics","headline":"5 Summer Skincare Myths You Can Forget","author":{"@id":"https:\/\/sacracosmetics.com\/ro\/author\/sacra\/#author"},"publisher":{"@id":"https:\/\/sacracosmetics.com\/ro\/#organization"},"image":{"@type":"ImageObject","url":"https:\/\/sacracosmetics.com\/wp-content\/uploads\/2025\/08\/fleur-kaan-w4Dj3MshHQ0-unsplash-scaled.jpg","width":2560,"height":1707},"datePublished":"2025-08-11T10:29:40+03:00","dateModified":"2026-03-26T19:13:18+02:00","inLanguage":"ro-RO","mainEntityOfPage":{"@id":"https:\/\/sacracosmetics.com\/ro\/5-mituri-despre-ingrijirea-pielii-pe-timp-de-vara-pe-care-le-poti-uita\/#webpage"},"isPartOf":{"@id":"https:\/\/sacracosmetics.com\/ro\/5-mituri-despre-ingrijirea-pielii-pe-timp-de-vara-pe-care-le-poti-uita\/#webpage"},"articleSection":"Uncategorized"},{"@type":"BreadcrumbList","@id":"https:\/\/sacracosmetics.com\/ro\/5-mituri-despre-ingrijirea-pielii-pe-timp-de-vara-pe-care-le-poti-uita\/#breadcrumblist","itemListElement":[{"@type":"ListItem","@id":"https:\/\/sacracosmetics.com\/ro#listItem","position":1,"name":"Home","item":"https:\/\/sacracosmetics.com\/ro","nextItem":{"@type":"ListItem","@id":"https:\/\/sacracosmetics.com\/ro\/categorie\/fara-categorie\/#listItem","name":"Uncategorized"}},{"@type":"ListItem","@id":"https:\/\/sacracosmetics.com\/ro\/categorie\/fara-categorie\/#listItem","position":2,"name":"Uncategorized","item":"https:\/\/sacracosmetics.com\/ro\/categorie\/fara-categorie\/","nextItem":{"@type":"ListItem","@id":"https:\/\/sacracosmetics.com\/ro\/5-mituri-despre-ingrijirea-pielii-pe-timp-de-vara-pe-care-le-poti-uita\/#listItem","name":"5 Summer Skincare Myths You Can Forget"},"previousItem":{"@type":"ListItem","@id":"https:\/\/sacracosmetics.com\/ro#listItem","name":"Home"}},{"@type":"ListItem","@id":"https:\/\/sacracosmetics.com\/ro\/5-mituri-despre-ingrijirea-pielii-pe-timp-de-vara-pe-care-le-poti-uita\/#listItem","position":3,"name":"5 Summer Skincare Myths You Can Forget","previousItem":{"@type":"ListItem","@id":"https:\/\/sacracosmetics.com\/ro\/categorie\/fara-categorie\/#listItem","name":"Uncategorized"}}]},{"@type":"Organization","@id":"https:\/\/sacracosmetics.com\/ro\/#organization","name":"Sacra Cosmetics","url":"https:\/\/sacracosmetics.com\/ro\/","telephone":"+40770310183","logo":{"@type":"ImageObject","url":"https:\/\/sacracosmetics.com\/wp-content\/uploads\/2025\/06\/logo-500.png","@id":"https:\/\/sacracosmetics.com\/ro\/5-mituri-despre-ingrijirea-pielii-pe-timp-de-vara-pe-care-le-poti-uita\/#organizationLogo","width":500,"height":500,"caption":"Sacra Cosmetics"},"image":{"@id":"https:\/\/sacracosmetics.com\/ro\/5-mituri-despre-ingrijirea-pielii-pe-timp-de-vara-pe-care-le-poti-uita\/#organizationLogo"},"sameAs":["https:\/\/www.facebook.com\/people\/Sacra\/61559924301009\/","https:\/\/www.instagram.com\/sacra.cosmetics\/"]},{"@type":"Person","@id":"https:\/\/sacracosmetics.com\/ro\/author\/sacra\/#author","url":"https:\/\/sacracosmetics.com\/ro\/author\/sacra\/","name":"Sacra Life","image":{"@type":"ImageObject","@id":"https:\/\/sacracosmetics.com\/ro\/5-mituri-despre-ingrijirea-pielii-pe-timp-de-vara-pe-care-le-poti-uita\/#authorImage","url":"https:\/\/secure.gravatar.com\/avatar\/ef96bc8bcd833bdfad03ccdefd47a4bac8284cbaf641da5f41eba686ef7712d3?s=96&d=mm&r=g","width":96,"height":96,"caption":"Sacra Life"}},{"@type":"WebPage","@id":"https:\/\/sacracosmetics.com\/ro\/5-mituri-despre-ingrijirea-pielii-pe-timp-de-vara-pe-care-le-poti-uita\/#webpage","url":"https:\/\/sacracosmetics.com\/ro\/5-mituri-despre-ingrijirea-pielii-pe-timp-de-vara-pe-care-le-poti-uita\/","name":"5 Summer Skincare Myths You Can Forget - Sacra Cosmetics","description":"Heat, UV, air conditioning, and even over-cleansing can weaken the stratum corneum, leading to dehydration and sensitivity.","inLanguage":"ro-RO","isPartOf":{"@id":"https:\/\/sacracosmetics.com\/ro\/#website"},"breadcrumb":{"@id":"https:\/\/sacracosmetics.com\/ro\/5-mituri-despre-ingrijirea-pielii-pe-timp-de-vara-pe-care-le-poti-uita\/#breadcrumblist"},"author":{"@id":"https:\/\/sacracosmetics.com\/ro\/author\/sacra\/#author"},"creator":{"@id":"https:\/\/sacracosmetics.com\/ro\/author\/sacra\/#author"},"image":{"@type":"ImageObject","url":"https:\/\/sacracosmetics.com\/wp-content\/uploads\/2025\/08\/fleur-kaan-w4Dj3MshHQ0-unsplash-scaled.jpg","@id":"https:\/\/sacracosmetics.com\/ro\/5-mituri-despre-ingrijirea-pielii-pe-timp-de-vara-pe-care-le-poti-uita\/#mainImage","width":2560,"height":1707},"primaryImageOfPage":{"@id":"https:\/\/sacracosmetics.com\/ro\/5-mituri-despre-ingrijirea-pielii-pe-timp-de-vara-pe-care-le-poti-uita\/#mainImage"},"datePublished":"2025-08-11T10:29:40+03:00","dateModified":"2026-03-26T19:13:18+02:00"},{"@type":"WebSite","@id":"https:\/\/sacracosmetics.com\/ro\/#website","url":"https:\/\/sacracosmetics.com\/ro\/","name":"Sacra Cosmetics","inLanguage":"ro-RO","publisher":{"@id":"https:\/\/sacracosmetics.com\/ro\/#organization"}}]},"og:locale":"ro_RO","og:site_name":"Sacra Cosmetics -","og:type":"article","og:title":"5 Summer Skincare Myths You Can Forget - Sacra Cosmetics","og:description":"Heat, UV, air conditioning, and even over-cleansing can weaken the stratum corneum, leading to dehydration and sensitivity.","og:url":"https:\/\/sacracosmetics.com\/ro\/5-mituri-despre-ingrijirea-pielii-pe-timp-de-vara-pe-care-le-poti-uita\/","article:published_time":"2025-08-11T07:29:40+00:00","article:modified_time":"2026-03-26T17:13:18+00:00","article:publisher":"https:\/\/www.facebook.com\/people\/Sacra\/61559924301009\/","twitter:card":"summary_large_image","twitter:title":"5 Summer Skincare Myths You Can Forget - Sacra Cosmetics","twitter:description":"Heat, UV, air conditioning, and even over-cleansing can weaken the stratum corneum, leading to dehydration and sensitivity."},"aioseo_meta_data":{"post_id":"4061","title":null,"description":"C\u0103ldura, razele UV, aerul condi\u021bionat \u0219i chiar cur\u0103\u021barea excesiv\u0103 pot sl\u0103bi stratul cornos, duc\u00e2nd la deshidratare \u0219i sensibilitate.","keywords":null,"keyphrases":{"focus":{"keyphrase":"","score":0,"analysis":{"keyphraseInTitle":{"score":0,"maxScore":9,"error":1}}},"additional":[]},"primary_term":null,"canonical_url":null,"og_title":null,"og_description":null,"og_object_type":"default","og_image_type":"default","og_image_url":null,"og_image_width":null,"og_image_height":null,"og_image_custom_url":null,"og_image_custom_fields":null,"og_video":"","og_custom_url":null,"og_article_section":null,"og_article_tags":null,"twitter_use_og":false,"twitter_card":"default","twitter_image_type":"default","twitter_image_url":null,"twitter_image_custom_url":null,"twitter_image_custom_fields":null,"twitter_title":null,"twitter_description":null,"schema":{"blockGraphs":[],"customGraphs":[],"default":{"data":{"Article":[],"Course":[],"Dataset":[],"FAQPage":[],"Movie":[],"Person":[],"Product":[],"ProductReview":[],"Car":[],"Recipe":[],"Service":[],"SoftwareApplication":[],"WebPage":[]},"graphName":"BlogPosting","isEnabled":true},"graphs":[]},"schema_type":"default","schema_type_options":null,"pillar_content":false,"robots_default":true,"robots_noindex":false,"robots_noarchive":false,"robots_nosnippet":false,"robots_nofollow":false,"robots_noimageindex":false,"robots_noodp":false,"robots_notranslate":false,"robots_max_snippet":"-1","robots_max_videopreview":"-1","robots_max_imagepreview":"large","priority":null,"frequency":"default","local_seo":null,"seo_analyzer_scan_date":"2026-03-26 17:24:40","breadcrumb_settings":null,"limit_modified_date":false,"reviewed_by":null,"open_ai":null,"ai":{"faqs":[],"keyPoints":[],"titles":[],"descriptions":[],"socialPosts":{"email":[],"linkedin":[],"twitter":[],"facebook":[],"instagram":[]}},"created":"2025-08-11 07:29:41","updated":"2026-03-26 17:24:40"},"aioseo_breadcrumb":"<div class=\"aioseo-breadcrumbs\"><span class=\"aioseo-breadcrumb\">\n\t<a href=\"https:\/\/sacracosmetics.com\/ro\" title=\"Home\">Home<\/a>\n<\/span><span class=\"aioseo-breadcrumb-separator\">&raquo;<\/span><span class=\"aioseo-breadcrumb\">\n\t<a href=\"https:\/\/sacracosmetics.com\/ro\/categorie\/fara-categorie\/\" title=\"Uncategorized\">Uncategorized<\/a>\n<\/span><span class=\"aioseo-breadcrumb-separator\">&raquo;<\/span><span class=\"aioseo-breadcrumb\">\n\t5 Summer Skincare Myths You Can Forget\n<\/span><\/div>","aioseo_breadcrumb_json":[{"label":"Home","link":"https:\/\/sacracosmetics.com\/ro"},{"label":"Uncategorized","link":"https:\/\/sacracosmetics.com\/ro\/categorie\/fara-categorie\/"},{"label":"5 Summer Skincare Myths You Can Forget","link":"https:\/\/sacracosmetics.com\/ro\/5-mituri-despre-ingrijirea-pielii-pe-timp-de-vara-pe-care-le-poti-uita\/"}],"_links":{"self":[{"href":"https:\/\/sacracosmetics.com\/ro\/wp-json\/wp\/v2\/posts\/4061","targetHints":{"allow":["GET"]}}],"collection":[{"href":"https:\/\/sacracosmetics.com\/ro\/wp-json\/wp\/v2\/posts"}],"about":[{"href":"https:\/\/sacracosmetics.com\/ro\/wp-json\/wp\/v2\/types\/post"}],"author":[{"embeddable":true,"href":"https:\/\/sacracosmetics.com\/ro\/wp-json\/wp\/v2\/users\/2"}],"replies":[{"embeddable":true,"href":"https:\/\/sacracosmetics.com\/ro\/wp-json\/wp\/v2\/comments?post=4061"}],"version-history":[{"count":3,"href":"https:\/\/sacracosmetics.com\/ro\/wp-json\/wp\/v2\/posts\/4061\/revisions"}],"predecessor-version":[{"id":4560,"href":"https:\/\/sacracosmetics.com\/ro\/wp-json\/wp\/v2\/posts\/4061\/revisions\/4560"}],"wp:featuredmedia":[{"embeddable":true,"href":"https:\/\/sacracosmetics.com\/ro\/wp-json\/wp\/v2\/media\/4558"}],"wp:attachment":[{"href":"https:\/\/sacracosmetics.com\/ro\/wp-json\/wp\/v2\/media?parent=4061"}],"wp:term":[{"taxonomy":"category","embeddable":true,"href":"https:\/\/sacracosmetics.com\/ro\/wp-json\/wp\/v2\/categories?post=4061"},{"taxonomy":"post_tag","embeddable":true,"href":"https:\/\/sacracosmetics.com\/ro\/wp-json\/wp\/v2\/tags?post=4061"}],"curies":[{"name":"wp","href":"https:\/\/api.w.org\/{rel}","templated":true}]}}