{"id":4366,"date":"2026-02-02T17:04:34","date_gmt":"2026-02-02T15:04:34","guid":{"rendered":"https:\/\/sacracosmetics.com\/?p=4366"},"modified":"2026-03-26T19:29:32","modified_gmt":"2026-03-26T17:29:32","slug":"cea-mai-buna-rutina-de-ingrijire-a-pielii-pe-timp-de-iarna-pentru-fata-si-gat-ghid-repara-uscaciunea-intareste-bariera","status":"publish","type":"post","link":"https:\/\/sacracosmetics.com\/ro\/cea-mai-buna-rutina-de-ingrijire-a-pielii-pe-timp-de-iarna-pentru-fata-si-gat-ghid-repara-uscaciunea-intareste-bariera\/","title":{"rendered":"Ghid complet pentru rutina de \u00eengrijire a fe\u021bei \u0219i g\u00e2tului \u00een sezonul rece: combate usc\u0103ciunea, consolideaz\u0103 bariera cutanat\u0103"},"content":{"rendered":"<p><strong>O rutin\u0103 de \u00eengrijire a pielii pe timp de iarn\u0103 pentru a atenua usc\u0103ciunea \u0219i a sus\u021bine bariera cutanat\u0103<\/strong><\/p>\n\n\n\n<p>C\u00e2nd se instaleaz\u0103 iarna, pielea ta reac\u021bioneaz\u0103. Aerul rece \u0219i uscat schimb\u0103 totul - de la nivelul de hidratare p\u00e2n\u0103 la modul \u00een care pielea se re\u00eennoie\u0219te. Fa\u021ba \u0219i g\u00e2tul, expuse constant, sunt adesea primele care dau semne: usc\u0103ciune, descuamare, senza\u021bie de tensiune sau irita\u021bie.<\/p>\n\n\n\n<p>Dar acestea nu sunt defecte de reparat. Sunt semnale.<\/p>\n\n\n\n<p>Pielea ta se adapteaz\u0103 sezonului. Cu \u00eengrijirea potrivit\u0103, pute\u021bi sprijini acest proces - cu grij\u0103, \u00een\u021belepciune \u0219i eficien\u021b\u0103.<\/p>\n\n\n\n<p>Aceast\u0103 rutin\u0103 simpl\u0103, bazat\u0103 pe dovezi, de \u00eengrijire a pielii pe timp de iarn\u0103 este conceput\u0103 pentru a v\u0103 \u00eengriji fa\u021ba \u0219i g\u00e2tul cu mai pu\u021bini pa\u0219i \u0219i rezultate mai bune. Func\u021bioneaz\u0103 deosebit de bine \u00een climatele reci. <\/p>\n\n\n\n<h2 class=\"wp-block-heading\">Cum afecteaz\u0103 iarna pielea ta<\/h2>\n\n\n\n<p>\u0218tiin\u021ba confirm\u0103 ceea ce pielea ta \u00ee\u021bi spune deja.<\/p>\n\n\n\n<ul class=\"wp-block-list\">\n<li><strong>Mai pu\u021bin ulei<\/strong>: Pielea dumneavoastr\u0103 produce 20-30% mai pu\u021bin sebum \u00een timpul iernii. Asta \u00eenseamn\u0103 c\u0103 <a href=\"https:\/\/www.urmc.rochester.edu\/news\/story\/braving-the-elements-how-winter-weather-influences-skin\" title=\"mai pu\u021bine lipide naturale\">mai pu\u021bine lipide naturale<\/a> pentru a v\u0103 proteja pielea.<\/li>\n\n\n\n<li><strong>Mai multe pierderi de ap\u0103<\/strong>: Aerul uscat din interior cre\u0219te pierderea transepidermic\u0103 de ap\u0103 (TEWL), duc\u00e2nd la deshidratare.<\/li>\n\n\n\n<li><strong>Barier\u0103 mai slab\u0103<\/strong>: Cu mai pu\u021bin ulei \u0219i mai pu\u021bin\u0103 hidratare, pielea dumneavoastr\u0103 devine mai <a href=\"https:\/\/www.thepmfajournal.com\/features\/features\/post\/combating-winter-skin\" title=\"predispuse la irita\u021bii\">predispuse la irita\u021bii<\/a>.<\/li>\n\n\n\n<li><strong>\u00cennoire mai lent\u0103<\/strong>: Rota\u021bia celular\u0103 \u00eencetine\u0219te, l\u0103s\u00e2nd adesea pielea tern\u0103 sau descuamat\u0103.<\/li>\n<\/ul>\n\n\n\n<p>Acestea sunt schimb\u0103ri sezoniere normale - nu probleme ale pielii. Scopul este s\u0103 v\u0103 adapta\u021bi rutina de \u00eengrijire a pielii pentru iarn\u0103.<\/p>\n\n\n\n<h2 class=\"wp-block-heading\">Rutin\u0103 de \u00eengrijire a pielii de iarn\u0103 \u00een 6 pa\u0219i pentru fa\u021b\u0103 \u0219i g\u00e2t<\/h2>\n\n\n\n<h3 class=\"wp-block-heading\">1.&nbsp;<strong>Cur\u0103\u021ba\u021bi u\u0219or<\/strong><\/h3>\n\n\n\n<p>Alege\u021bi un produs de cur\u0103\u021bare f\u0103r\u0103 spum\u0103, cu un pH de aproximativ 5,5. Folosi\u021bi-l o dat\u0103 diminea\u021ba \u0219i o dat\u0103 seara.<\/p>\n\n\n\n<p><strong>De ce este important:<\/strong>&nbsp;Detergen\u021bii spuman\u021bi \u0219i agen\u021bii tensioactivi puternici pot exfolia pielea, cresc\u00e2nd usc\u0103ciunea \u0219i pierderea de ap\u0103.<\/p>\n\n\n\n<p><strong>Cum s\u0103 o face\u021bi corect:<\/strong>&nbsp;Cl\u0103ti\u021bi cu ap\u0103 c\u0103ldu\u021b\u0103 (nu fierbinte) \u0219i usca\u021bi pielea cu o c\u00e2rp\u0103 moale.<\/p>\n\n\n\n<h3 class=\"wp-block-heading\">2.&nbsp;<strong>Reface\u021bi lipidele cu uleiuri u\u0219oare<\/strong><\/h3>\n\n\n\n<p>Dup\u0103 cur\u0103\u021bare, aplica\u021bi 2-3 pic\u0103turi de o crem\u0103 bogat\u0103 \u00een acid linoleic <a href=\"https:\/\/sacracosmetics.com\/ro\/ulei-din-seminte-de-smochin-elixirul-desertului-pentru-pielea-sensibila-si-deshidratata\/\">ulei cum ar fi prickly pear<\/a>, argan sau semin\u021be de c\u00e2nep\u0103.<\/p>\n\n\n\n<p><strong>De ce este important:<\/strong>&nbsp;Aceste uleiuri imit\u0103 \u00eendeaproape bariera natural\u0103 a pielii \u0219i ajut\u0103 la repararea usc\u0103ciunii \u0219i irita\u021biilor.<\/p>\n\n\n\n<p><strong>Cel mai bun moment pentru utilizare:<\/strong>&nbsp;Seara, pentru a sprijini vindecarea peste noapte.<\/p>\n\n\n\n<h3 class=\"wp-block-heading\">3.&nbsp;<strong>Hidrateaz\u0103 \u0219i sigileaz\u0103<\/strong><\/h3>\n\n\n\n<p>Aplica\u021bi un ser cu glicerin\u0103 sau acid hialuronic pentru a aduce ap\u0103 \u00een piele. Apoi, urma\u021bi cu o crem\u0103 hidratant\u0103 sau un ulei facial pentru a men\u021bine hidratarea.<\/p>\n\n\n\n<p><strong>De ce este important:<\/strong>&nbsp;Humectan\u021bii (precum HA) au nevoie de un strat ocluziv pentru a preveni evaporarea apei, \u00een special \u00een medii uscate.<\/p>\n\n\n\n<p><strong>Sfat:<\/strong>&nbsp;A\u0219tepta\u021bi aproximativ un minut \u00eentre straturi pentru a facilita absorb\u021bia.<\/p>\n\n\n\n<h3 class=\"wp-block-heading\">4.&nbsp;<strong>Exfolia\u021bi, dar nu prea des<\/strong><\/h3>\n\n\n\n<p>Utiliza\u021bi un ser delicat cu acid glicolic (4-7%), o dat\u0103 sau de dou\u0103 ori pe s\u0103pt\u0103m\u00e2n\u0103.<\/p>\n\n\n\n<p><strong>De ce este important:<\/strong>&nbsp;\u00cen timpul iernii, pielea \u00ee\u0219i pierde celulele mai lent. Un acid pu\u021bin puternic poate ajuta la \u00eemprosp\u0103tarea suprafe\u021bei, f\u0103r\u0103 a afecta bariera pielii.<\/p>\n\n\n\n<p><strong>Evita\u021bi:<\/strong>&nbsp;Scruburi fizice sau exfoliante aspre.<\/p>\n\n\n\n<h3 class=\"wp-block-heading\">5.&nbsp;<strong>Suport cu peptide \u0219i antioxidan\u021bi<\/strong><\/h3>\n\n\n\n<p>Seara, aplica\u021bi un ser cu ingrediente precum peptide, vitamina E \u0219i CoQ10.<\/p>\n\n\n\n<p><strong>De ce este important:<\/strong>&nbsp;Acestea sus\u021bin colagenul, \u00eembun\u0103t\u0103\u021besc fermitatea \u0219i ajut\u0103 la protejarea pielii de daunele cauzate de vremea rece.<\/p>\n\n\n\n<h3 class=\"wp-block-heading\">6.&nbsp;<strong>P\u0103stra\u021bi simplitatea<\/strong><\/h3>\n\n\n\n<p>R\u0103m\u00e2ne\u021bi la un ritm constant.<\/p>\n\n\n\n<p><strong>Diminea\u021ba:<\/strong>&nbsp;Cur\u0103\u021bare \u2192 Ser \u2192 Crem\u0103 hidratant\u0103 \u2192 SPF<br><strong>Seara:<\/strong>&nbsp;Cur\u0103\u021bare \u2192 Ser de tratament \u2192 Ulei<\/p>\n\n\n\n<p>Mai pu\u021bin \u00eenseamn\u0103 mai mult atunci c\u00e2nd vine vorba de \u00eengrijirea pe timp de iarn\u0103. O rutin\u0103 calm\u0103 \u0219i constant\u0103 este cea mai bun\u0103 pentru recuperarea pielii.<\/p>\n\n\n\n<h2 class=\"wp-block-heading\">Probleme comune ale pielii iarna - \u0219i ce ajut\u0103<\/h2>\n\n\n\n<figure class=\"wp-block-table\"><table class=\"has-fixed-layout\"><thead><tr><th>Preocupare<\/th><th>Ce ajut\u0103<\/th><th>De ce func\u021bioneaz\u0103<\/th><\/tr><\/thead><tbody><tr><td>Usc\u0103ciune<\/td><td>Umectan\u021bi + uleiuri<\/td><td>Atrage umezeala \u0219i o men\u021bine sigilat\u0103<\/td><\/tr><tr><td>Ro\u0219ea\u021b\u0103<\/td><td>Uleiuri pentru repararea barierelor<\/td><td>Calmeaz\u0103 inflama\u021biile \u0219i \u00eent\u0103re\u0219te pielea<\/td><\/tr><tr><td>F\u0103clia\/Opacifierea<\/td><td>Acid glicolic delicat (1-2\u00d7\/s\u0103pt\u0103m\u00e2n\u0103)<\/td><td>Revine u\u0219or la suprafa\u021b\u0103 \u0219i lumineaz\u0103<\/td><\/tr><tr><td>Sl\u0103biciune\/Firmitate<\/td><td>Peptide pe timp de noapte<\/td><td>Sus\u021bine produc\u021bia de colagen \u00een timp<\/td><\/tr><tr><td>Deteriorarea barierei<\/td><td>Uleiuri bogate \u00een acid linoleic<\/td><td>Reconstruie\u0219te stratul lipidic \u0219i \u00eembun\u0103t\u0103\u021be\u0219te rezilien\u021ba<\/td><\/tr><\/tbody><\/table><\/figure>\n\n\n\n<h2 class=\"wp-block-heading\">Produse recomandate pentru \u00eengrijirea pielii \u00een timpul iernii<\/h2>\n\n\n\n<ul class=\"wp-block-list\">\n<li><a href=\"https:\/\/sacracosmetics.com\/ro\/product\/crema-de-zi-elixir-intense-bio-regenerative\/\" title=\"Crema de zi Elixir Intense Bio Regenerative\"><strong>Crema de zi Elixir Intense Bio Regenerative<\/strong><br><\/a>Suport hidratant de zi cu peptide \u0219i acid hialuronic multi-ponderal.<\/li>\n\n\n\n<li><a href=\"https:\/\/sacracosmetics.com\/ro\/product\/elixir-ser-bio-regenerant-intens\/\" title=\"ELIXIR INTENSE BIO REGENERATING SERUM\"><strong>ELIXIR INTENSE BIO REGENERATING SERUM<\/strong><br><\/a>Ulei facial cu pere de India \u0219i c\u00e2nep\u0103 - bogat \u00een acid linoleic pentru a restabili s\u0103n\u0103tatea barierei.<\/li>\n\n\n\n<li><a href=\"https:\/\/sacracosmetics.com\/ro\/product\/ser-bioexfoliant-ultra-clarifiant-acid-glicolic\/\" title=\"Ser glicolic Ultra Clarifiant 4%\"><strong>Ser glicolic Ultra Clarifiant 4%<\/strong><br><\/a>Acid glicolic tamponat pentru exfoliere delicat\u0103, f\u0103r\u0103 irita\u021bii.<\/li>\n<\/ul>\n\n\n\n<p>Fiecare formul\u0103 este vegan\u0103, fabricat\u0103 \u00een UE \u0219i realizat\u0103 pentru a func\u021biona \u00een func\u021bie de ritmul natural al pielii.<\/p>\n\n\n\n<h2 class=\"wp-block-heading\">\u00centreb\u0103ri frecvente privind \u00eengrijirea pielii pe timp de iarn\u0103 (fa\u021b\u0103 \u0219i g\u00e2t)<\/h2>\n\n\n\n<p><strong>\u00ce: Consumul mai mare de ap\u0103 poate rezolva problema pielii uscate iarna?<\/strong><br><strong>A:<\/strong>&nbsp;\u00cen timp ce hidratarea sus\u021bine s\u0103n\u0103tatea general\u0103, doar hidratante \u0219i uleiuri topice pot opri pierderea de ap\u0103 prin bariera cutanat\u0103.<\/p>\n\n\n\n<p><strong>\u00ce: Ar trebui s\u0103 evit retinolul \u00een timpul iernii?<\/strong><br><strong>A:<\/strong>&nbsp;Nu, dar utiliza\u021bi cu modera\u021bie. Vremea rece cre\u0219te sensibilitatea. Peptidele sunt alternative mai bl\u00e2nde.<\/p>\n\n\n\n<p><strong>\u00ce: De ce du\u0219urile fierbin\u021bi sunt rele pentru pielea de iarn\u0103?<\/strong><br><strong>A:<\/strong>&nbsp;Apa fierbinte elimin\u0103 uleiurile din piele, agrav\u00e2nd usc\u0103ciunea. P\u0103stra\u021bi du\u0219urile sub 10 minute \u0219i urma\u021bi cu ulei c\u00e2t timp pielea este \u00eenc\u0103 umed\u0103.<\/p>\n\n\n\n<p><strong>\u00ce: Am nevoie de protec\u021bie solar\u0103 iarna?<\/strong><br><strong>A:<\/strong>&nbsp;Absolut. Razele UVA penetreaz\u0103 norii \u0219i totu\u0219i pot afecta pielea. Folosi\u021bi un SPF cu spectru larg \u00een fiecare zi.<\/p>\n\n\n\n<p><strong>\u00ce: Acidul hialuronic este suficient \u00een sine?<\/strong><br><strong>A:<\/strong>&nbsp;Nu \u00een aer uscat. \u00centotdeauna urma\u021bi-l cu o crem\u0103 hidratant\u0103 sau un ulei facial pentru a bloca apa.<\/p>\n\n\n\n<p><strong>\u00ce: C\u00e2t de des ar trebui s\u0103 exfoliez?<\/strong><br><strong>A:<\/strong>&nbsp;De dou\u0103 ori pe s\u0103pt\u0103m\u00e2n\u0103 este suficient. Exfolierea excesiv\u0103 \u00een timpul iernii v\u0103 poate deteriora bariera cutanat\u0103.<\/p>\n\n\n\n<p><strong>\u00ce: Peptidele sunt mai bune dec\u00e2t acizii pentru fermitatea iernii?<\/strong><br><strong>A:<\/strong>&nbsp;Da. Peptidele \u00eencurajeaz\u0103 produc\u021bia de colagen f\u0103r\u0103 a provoca inflama\u021bii sau usc\u0103ciune.<\/p>\n\n\n\n<p><strong>\u00ce: Cremele hidratante pot astupa porii \u00een timpul iernii?<\/strong><br><strong>A:<\/strong>&nbsp;Dac\u0103 utiliza\u021bi formule non-comedogenice (cum ar fi uleiurile bogate \u00een linoleic), riscul este sc\u0103zut. Testa\u021bi \u00eentotdeauna produsele noi.<\/p>\n\n\n\n<p><\/p>\n\n\n\n<p>\u00cengrijirea pielii \u00een timpul iernii este despre&nbsp;<strong>ascultare<\/strong>&nbsp;la piele. Merge\u021bi mai \u00eencet. Alege\u021bi ingrediente cu scop. L\u0103sa\u021bi rutina s\u0103 fie un ritual - unul care protejeaz\u0103, reface \u0219i respect\u0103 ritmul propriu al pielii.<\/p>\n\n\n\n<p><\/p>\n\n\n\n<p><em>Foto principal\u0103 de\u00a0<a href=\"https:\/\/unsplash.com\/@krivitskiy?utm_source=unsplash&amp;utm_medium=referral&amp;utm_content=creditCopyText\">Alexander Krivitskiy<\/a>\u00a0<\/em><\/p>\n\n\n\n<p><\/p>","protected":false},"excerpt":{"rendered":"<p>A Winter Skincare Routine to Ease Dryness and Support the Skin Barrier When winter sets in, your skin responds. The cold, dry air changes everything\u2014from hydration levels to how your skin renews itself. The face and neck, constantly exposed, are often the first to show signs: dryness, flaking, tightness, or irritation. But these aren&#8217;t flaws [&hellip;]<\/p>","protected":false},"author":2,"featured_media":4547,"comment_status":"open","ping_status":"open","sticky":false,"template":"","format":"standard","meta":{"_acf_changed":false,"footnotes":""},"categories":[1],"tags":[],"class_list":["post-4366","post","type-post","status-publish","format-standard","has-post-thumbnail","hentry","category-uncategorized"],"acf":[],"aioseo_notices":[],"aioseo_head":"\n\t\t<!-- All in One SEO Pro 4.9.3 - aioseo.com -->\n\t<meta name=\"description\" content=\"Support dry winter skin with a gentle, barrier-first routine. Discover SACRA\u2019s recommendations for winter skincare for the face and neck.\" \/>\n\t<meta name=\"robots\" content=\"max-image-preview:large\" \/>\n\t<meta name=\"author\" content=\"Sacra Life\"\/>\n\t<link rel=\"canonical\" href=\"https:\/\/sacracosmetics.com\/ro\/cea-mai-buna-rutina-de-ingrijire-a-pielii-pe-timp-de-iarna-pentru-fata-si-gat-ghid-repara-uscaciunea-intareste-bariera\/\" \/>\n\t<meta name=\"generator\" content=\"All in One SEO Pro (AIOSEO) 4.9.3\" \/>\n\t\t<meta property=\"og:locale\" content=\"ro_RO\" \/>\n\t\t<meta property=\"og:site_name\" content=\"Sacra Cosmetics -\" \/>\n\t\t<meta property=\"og:type\" content=\"article\" \/>\n\t\t<meta property=\"og:title\" content=\"Winter Skincare for Face &amp; Neck | SACRA Guide\" \/>\n\t\t<meta property=\"og:description\" content=\"Support dry winter skin with a gentle, barrier-first routine. Discover SACRA\u2019s recommendations for winter skincare for the face and neck.\" \/>\n\t\t<meta property=\"og:url\" content=\"https:\/\/sacracosmetics.com\/ro\/cea-mai-buna-rutina-de-ingrijire-a-pielii-pe-timp-de-iarna-pentru-fata-si-gat-ghid-repara-uscaciunea-intareste-bariera\/\" \/>\n\t\t<meta property=\"og:image\" content=\"https:\/\/sacracosmetics.com\/wp-content\/uploads\/2026\/03\/nika_akin-natural-4644374-scaled.jpg\" \/>\n\t\t<meta property=\"og:image:secure_url\" content=\"https:\/\/sacracosmetics.com\/wp-content\/uploads\/2026\/03\/nika_akin-natural-4644374-scaled.jpg\" \/>\n\t\t<meta property=\"og:image:width\" content=\"1707\" \/>\n\t\t<meta property=\"og:image:height\" content=\"2560\" \/>\n\t\t<meta property=\"article:published_time\" content=\"2026-02-02T15:04:34+00:00\" \/>\n\t\t<meta property=\"article:modified_time\" content=\"2026-03-26T17:29:32+00:00\" \/>\n\t\t<meta property=\"article:publisher\" content=\"https:\/\/www.facebook.com\/people\/Sacra\/61559924301009\/\" \/>\n\t\t<meta name=\"twitter:card\" content=\"summary_large_image\" \/>\n\t\t<meta name=\"twitter:title\" content=\"Winter Skincare for Face &amp; Neck | SACRA Guide\" \/>\n\t\t<meta name=\"twitter:description\" content=\"Support dry winter skin with a gentle, barrier-first routine. Discover SACRA\u2019s recommendations for winter skincare for the face and neck.\" \/>\n\t\t<meta name=\"twitter:image\" content=\"https:\/\/sacracosmetics.com\/wp-content\/uploads\/2026\/03\/nika_akin-natural-4644374-scaled.jpg\" \/>\n\t\t<script type=\"application\/ld+json\" class=\"aioseo-schema\">\n\t\t\t{\"@context\":\"https:\\\/\\\/schema.org\",\"@graph\":[{\"@type\":\"BlogPosting\",\"@id\":\"https:\\\/\\\/sacracosmetics.com\\\/ro\\\/cea-mai-buna-rutina-de-ingrijire-a-pielii-pe-timp-de-iarna-pentru-fata-si-gat-ghid-repara-uscaciunea-intareste-bariera\\\/#blogposting\",\"name\":\"Winter Skincare for Face & Neck | SACRA Guide\",\"headline\":\"Best Winter Skincare Routine for Face and Neck Guide: Repair Dryness, Strengthen Barrier\",\"author\":{\"@id\":\"https:\\\/\\\/sacracosmetics.com\\\/ro\\\/author\\\/sacra\\\/#author\"},\"publisher\":{\"@id\":\"https:\\\/\\\/sacracosmetics.com\\\/ro\\\/#organization\"},\"image\":{\"@type\":\"ImageObject\",\"url\":\"https:\\\/\\\/sacracosmetics.com\\\/wp-content\\\/uploads\\\/2026\\\/03\\\/nika_akin-natural-4644374-scaled.jpg\",\"width\":1707,\"height\":2560,\"caption\":\"Skin at its most coherent. Supported renewal, not forced exfoliation.\"},\"datePublished\":\"2026-02-02T17:04:34+02:00\",\"dateModified\":\"2026-03-26T19:29:32+02:00\",\"inLanguage\":\"ro-RO\",\"mainEntityOfPage\":{\"@id\":\"https:\\\/\\\/sacracosmetics.com\\\/ro\\\/cea-mai-buna-rutina-de-ingrijire-a-pielii-pe-timp-de-iarna-pentru-fata-si-gat-ghid-repara-uscaciunea-intareste-bariera\\\/#webpage\"},\"isPartOf\":{\"@id\":\"https:\\\/\\\/sacracosmetics.com\\\/ro\\\/cea-mai-buna-rutina-de-ingrijire-a-pielii-pe-timp-de-iarna-pentru-fata-si-gat-ghid-repara-uscaciunea-intareste-bariera\\\/#webpage\"},\"articleSection\":\"Uncategorized\"},{\"@type\":\"BreadcrumbList\",\"@id\":\"https:\\\/\\\/sacracosmetics.com\\\/ro\\\/cea-mai-buna-rutina-de-ingrijire-a-pielii-pe-timp-de-iarna-pentru-fata-si-gat-ghid-repara-uscaciunea-intareste-bariera\\\/#breadcrumblist\",\"itemListElement\":[{\"@type\":\"ListItem\",\"@id\":\"https:\\\/\\\/sacracosmetics.com\\\/ro#listItem\",\"position\":1,\"name\":\"Home\",\"item\":\"https:\\\/\\\/sacracosmetics.com\\\/ro\",\"nextItem\":{\"@type\":\"ListItem\",\"@id\":\"https:\\\/\\\/sacracosmetics.com\\\/ro\\\/categorie\\\/fara-categorie\\\/#listItem\",\"name\":\"Uncategorized\"}},{\"@type\":\"ListItem\",\"@id\":\"https:\\\/\\\/sacracosmetics.com\\\/ro\\\/categorie\\\/fara-categorie\\\/#listItem\",\"position\":2,\"name\":\"Uncategorized\",\"item\":\"https:\\\/\\\/sacracosmetics.com\\\/ro\\\/categorie\\\/fara-categorie\\\/\",\"nextItem\":{\"@type\":\"ListItem\",\"@id\":\"https:\\\/\\\/sacracosmetics.com\\\/ro\\\/cea-mai-buna-rutina-de-ingrijire-a-pielii-pe-timp-de-iarna-pentru-fata-si-gat-ghid-repara-uscaciunea-intareste-bariera\\\/#listItem\",\"name\":\"Best Winter Skincare Routine for Face and Neck Guide: Repair Dryness, Strengthen Barrier\"},\"previousItem\":{\"@type\":\"ListItem\",\"@id\":\"https:\\\/\\\/sacracosmetics.com\\\/ro#listItem\",\"name\":\"Home\"}},{\"@type\":\"ListItem\",\"@id\":\"https:\\\/\\\/sacracosmetics.com\\\/ro\\\/cea-mai-buna-rutina-de-ingrijire-a-pielii-pe-timp-de-iarna-pentru-fata-si-gat-ghid-repara-uscaciunea-intareste-bariera\\\/#listItem\",\"position\":3,\"name\":\"Best Winter Skincare Routine for Face and Neck Guide: Repair Dryness, Strengthen Barrier\",\"previousItem\":{\"@type\":\"ListItem\",\"@id\":\"https:\\\/\\\/sacracosmetics.com\\\/ro\\\/categorie\\\/fara-categorie\\\/#listItem\",\"name\":\"Uncategorized\"}}]},{\"@type\":\"Organization\",\"@id\":\"https:\\\/\\\/sacracosmetics.com\\\/ro\\\/#organization\",\"name\":\"Sacra Cosmetics\",\"url\":\"https:\\\/\\\/sacracosmetics.com\\\/ro\\\/\",\"telephone\":\"+40770310183\",\"logo\":{\"@type\":\"ImageObject\",\"url\":\"https:\\\/\\\/sacracosmetics.com\\\/wp-content\\\/uploads\\\/2025\\\/06\\\/logo-500.png\",\"@id\":\"https:\\\/\\\/sacracosmetics.com\\\/ro\\\/cea-mai-buna-rutina-de-ingrijire-a-pielii-pe-timp-de-iarna-pentru-fata-si-gat-ghid-repara-uscaciunea-intareste-bariera\\\/#organizationLogo\",\"width\":500,\"height\":500,\"caption\":\"Sacra Cosmetics\"},\"image\":{\"@id\":\"https:\\\/\\\/sacracosmetics.com\\\/ro\\\/cea-mai-buna-rutina-de-ingrijire-a-pielii-pe-timp-de-iarna-pentru-fata-si-gat-ghid-repara-uscaciunea-intareste-bariera\\\/#organizationLogo\"},\"sameAs\":[\"https:\\\/\\\/www.facebook.com\\\/people\\\/Sacra\\\/61559924301009\\\/\",\"https:\\\/\\\/www.instagram.com\\\/sacra.cosmetics\\\/\"]},{\"@type\":\"Person\",\"@id\":\"https:\\\/\\\/sacracosmetics.com\\\/ro\\\/author\\\/sacra\\\/#author\",\"url\":\"https:\\\/\\\/sacracosmetics.com\\\/ro\\\/author\\\/sacra\\\/\",\"name\":\"Sacra Life\",\"image\":{\"@type\":\"ImageObject\",\"@id\":\"https:\\\/\\\/sacracosmetics.com\\\/ro\\\/cea-mai-buna-rutina-de-ingrijire-a-pielii-pe-timp-de-iarna-pentru-fata-si-gat-ghid-repara-uscaciunea-intareste-bariera\\\/#authorImage\",\"url\":\"https:\\\/\\\/secure.gravatar.com\\\/avatar\\\/ef96bc8bcd833bdfad03ccdefd47a4bac8284cbaf641da5f41eba686ef7712d3?s=96&d=mm&r=g\",\"width\":96,\"height\":96,\"caption\":\"Sacra Life\"}},{\"@type\":\"WebPage\",\"@id\":\"https:\\\/\\\/sacracosmetics.com\\\/ro\\\/cea-mai-buna-rutina-de-ingrijire-a-pielii-pe-timp-de-iarna-pentru-fata-si-gat-ghid-repara-uscaciunea-intareste-bariera\\\/#webpage\",\"url\":\"https:\\\/\\\/sacracosmetics.com\\\/ro\\\/cea-mai-buna-rutina-de-ingrijire-a-pielii-pe-timp-de-iarna-pentru-fata-si-gat-ghid-repara-uscaciunea-intareste-bariera\\\/\",\"name\":\"Winter Skincare for Face & Neck | SACRA Guide\",\"description\":\"Support dry winter skin with a gentle, barrier-first routine. Discover SACRA\\u2019s recommendations for winter skincare for the face and neck.\",\"inLanguage\":\"ro-RO\",\"isPartOf\":{\"@id\":\"https:\\\/\\\/sacracosmetics.com\\\/ro\\\/#website\"},\"breadcrumb\":{\"@id\":\"https:\\\/\\\/sacracosmetics.com\\\/ro\\\/cea-mai-buna-rutina-de-ingrijire-a-pielii-pe-timp-de-iarna-pentru-fata-si-gat-ghid-repara-uscaciunea-intareste-bariera\\\/#breadcrumblist\"},\"author\":{\"@id\":\"https:\\\/\\\/sacracosmetics.com\\\/ro\\\/author\\\/sacra\\\/#author\"},\"creator\":{\"@id\":\"https:\\\/\\\/sacracosmetics.com\\\/ro\\\/author\\\/sacra\\\/#author\"},\"image\":{\"@type\":\"ImageObject\",\"url\":\"https:\\\/\\\/sacracosmetics.com\\\/wp-content\\\/uploads\\\/2026\\\/03\\\/nika_akin-natural-4644374-scaled.jpg\",\"@id\":\"https:\\\/\\\/sacracosmetics.com\\\/ro\\\/cea-mai-buna-rutina-de-ingrijire-a-pielii-pe-timp-de-iarna-pentru-fata-si-gat-ghid-repara-uscaciunea-intareste-bariera\\\/#mainImage\",\"width\":1707,\"height\":2560,\"caption\":\"Skin at its most coherent. Supported renewal, not forced exfoliation.\"},\"primaryImageOfPage\":{\"@id\":\"https:\\\/\\\/sacracosmetics.com\\\/ro\\\/cea-mai-buna-rutina-de-ingrijire-a-pielii-pe-timp-de-iarna-pentru-fata-si-gat-ghid-repara-uscaciunea-intareste-bariera\\\/#mainImage\"},\"datePublished\":\"2026-02-02T17:04:34+02:00\",\"dateModified\":\"2026-03-26T19:29:32+02:00\"},{\"@type\":\"WebSite\",\"@id\":\"https:\\\/\\\/sacracosmetics.com\\\/ro\\\/#website\",\"url\":\"https:\\\/\\\/sacracosmetics.com\\\/ro\\\/\",\"name\":\"Sacra Cosmetics\",\"inLanguage\":\"ro-RO\",\"publisher\":{\"@id\":\"https:\\\/\\\/sacracosmetics.com\\\/ro\\\/#organization\"}}]}\n\t\t<\/script>\n\t\t<!-- All in One SEO Pro -->\r\n\t\t<title>Winter Skincare for Face &amp; Neck | SACRA Guide<\/title>\n\n","aioseo_head_json":{"title":"\u00cengrijirea pielii de iarn\u0103 pentru fa\u021b\u0103 \u0219i g\u00e2t | Ghid SACRA","description":"Sprijini\u021bi pielea uscat\u0103 iarna cu o rutin\u0103 bl\u00e2nd\u0103, care pune pe primul loc bariera. Descoperi\u021bi recomand\u0103rile SACRA pentru \u00eengrijirea pielii de iarn\u0103 pentru fa\u021b\u0103 \u0219i g\u00e2t.","canonical_url":"https:\/\/sacracosmetics.com\/ro\/cea-mai-buna-rutina-de-ingrijire-a-pielii-pe-timp-de-iarna-pentru-fata-si-gat-ghid-repara-uscaciunea-intareste-bariera\/","robots":"max-image-preview:large","keywords":"","webmasterTools":{"miscellaneous":""},"schema":{"@context":"https:\/\/schema.org","@graph":[{"@type":"BlogPosting","@id":"https:\/\/sacracosmetics.com\/ro\/cea-mai-buna-rutina-de-ingrijire-a-pielii-pe-timp-de-iarna-pentru-fata-si-gat-ghid-repara-uscaciunea-intareste-bariera\/#blogposting","name":"Winter Skincare for Face & Neck | SACRA Guide","headline":"Best Winter Skincare Routine for Face and Neck Guide: Repair Dryness, Strengthen Barrier","author":{"@id":"https:\/\/sacracosmetics.com\/ro\/author\/sacra\/#author"},"publisher":{"@id":"https:\/\/sacracosmetics.com\/ro\/#organization"},"image":{"@type":"ImageObject","url":"https:\/\/sacracosmetics.com\/wp-content\/uploads\/2026\/03\/nika_akin-natural-4644374-scaled.jpg","width":1707,"height":2560,"caption":"Skin at its most coherent. Supported renewal, not forced exfoliation."},"datePublished":"2026-02-02T17:04:34+02:00","dateModified":"2026-03-26T19:29:32+02:00","inLanguage":"ro-RO","mainEntityOfPage":{"@id":"https:\/\/sacracosmetics.com\/ro\/cea-mai-buna-rutina-de-ingrijire-a-pielii-pe-timp-de-iarna-pentru-fata-si-gat-ghid-repara-uscaciunea-intareste-bariera\/#webpage"},"isPartOf":{"@id":"https:\/\/sacracosmetics.com\/ro\/cea-mai-buna-rutina-de-ingrijire-a-pielii-pe-timp-de-iarna-pentru-fata-si-gat-ghid-repara-uscaciunea-intareste-bariera\/#webpage"},"articleSection":"Uncategorized"},{"@type":"BreadcrumbList","@id":"https:\/\/sacracosmetics.com\/ro\/cea-mai-buna-rutina-de-ingrijire-a-pielii-pe-timp-de-iarna-pentru-fata-si-gat-ghid-repara-uscaciunea-intareste-bariera\/#breadcrumblist","itemListElement":[{"@type":"ListItem","@id":"https:\/\/sacracosmetics.com\/ro#listItem","position":1,"name":"Home","item":"https:\/\/sacracosmetics.com\/ro","nextItem":{"@type":"ListItem","@id":"https:\/\/sacracosmetics.com\/ro\/categorie\/fara-categorie\/#listItem","name":"Uncategorized"}},{"@type":"ListItem","@id":"https:\/\/sacracosmetics.com\/ro\/categorie\/fara-categorie\/#listItem","position":2,"name":"Uncategorized","item":"https:\/\/sacracosmetics.com\/ro\/categorie\/fara-categorie\/","nextItem":{"@type":"ListItem","@id":"https:\/\/sacracosmetics.com\/ro\/cea-mai-buna-rutina-de-ingrijire-a-pielii-pe-timp-de-iarna-pentru-fata-si-gat-ghid-repara-uscaciunea-intareste-bariera\/#listItem","name":"Best Winter Skincare Routine for Face and Neck Guide: Repair Dryness, Strengthen Barrier"},"previousItem":{"@type":"ListItem","@id":"https:\/\/sacracosmetics.com\/ro#listItem","name":"Home"}},{"@type":"ListItem","@id":"https:\/\/sacracosmetics.com\/ro\/cea-mai-buna-rutina-de-ingrijire-a-pielii-pe-timp-de-iarna-pentru-fata-si-gat-ghid-repara-uscaciunea-intareste-bariera\/#listItem","position":3,"name":"Best Winter Skincare Routine for Face and Neck Guide: Repair Dryness, Strengthen Barrier","previousItem":{"@type":"ListItem","@id":"https:\/\/sacracosmetics.com\/ro\/categorie\/fara-categorie\/#listItem","name":"Uncategorized"}}]},{"@type":"Organization","@id":"https:\/\/sacracosmetics.com\/ro\/#organization","name":"Sacra Cosmetics","url":"https:\/\/sacracosmetics.com\/ro\/","telephone":"+40770310183","logo":{"@type":"ImageObject","url":"https:\/\/sacracosmetics.com\/wp-content\/uploads\/2025\/06\/logo-500.png","@id":"https:\/\/sacracosmetics.com\/ro\/cea-mai-buna-rutina-de-ingrijire-a-pielii-pe-timp-de-iarna-pentru-fata-si-gat-ghid-repara-uscaciunea-intareste-bariera\/#organizationLogo","width":500,"height":500,"caption":"Sacra Cosmetics"},"image":{"@id":"https:\/\/sacracosmetics.com\/ro\/cea-mai-buna-rutina-de-ingrijire-a-pielii-pe-timp-de-iarna-pentru-fata-si-gat-ghid-repara-uscaciunea-intareste-bariera\/#organizationLogo"},"sameAs":["https:\/\/www.facebook.com\/people\/Sacra\/61559924301009\/","https:\/\/www.instagram.com\/sacra.cosmetics\/"]},{"@type":"Person","@id":"https:\/\/sacracosmetics.com\/ro\/author\/sacra\/#author","url":"https:\/\/sacracosmetics.com\/ro\/author\/sacra\/","name":"Sacra Life","image":{"@type":"ImageObject","@id":"https:\/\/sacracosmetics.com\/ro\/cea-mai-buna-rutina-de-ingrijire-a-pielii-pe-timp-de-iarna-pentru-fata-si-gat-ghid-repara-uscaciunea-intareste-bariera\/#authorImage","url":"https:\/\/secure.gravatar.com\/avatar\/ef96bc8bcd833bdfad03ccdefd47a4bac8284cbaf641da5f41eba686ef7712d3?s=96&d=mm&r=g","width":96,"height":96,"caption":"Sacra Life"}},{"@type":"WebPage","@id":"https:\/\/sacracosmetics.com\/ro\/cea-mai-buna-rutina-de-ingrijire-a-pielii-pe-timp-de-iarna-pentru-fata-si-gat-ghid-repara-uscaciunea-intareste-bariera\/#webpage","url":"https:\/\/sacracosmetics.com\/ro\/cea-mai-buna-rutina-de-ingrijire-a-pielii-pe-timp-de-iarna-pentru-fata-si-gat-ghid-repara-uscaciunea-intareste-bariera\/","name":"Winter Skincare for Face & Neck | SACRA Guide","description":"Support dry winter skin with a gentle, barrier-first routine. Discover SACRA\u2019s recommendations for winter skincare for the face and neck.","inLanguage":"ro-RO","isPartOf":{"@id":"https:\/\/sacracosmetics.com\/ro\/#website"},"breadcrumb":{"@id":"https:\/\/sacracosmetics.com\/ro\/cea-mai-buna-rutina-de-ingrijire-a-pielii-pe-timp-de-iarna-pentru-fata-si-gat-ghid-repara-uscaciunea-intareste-bariera\/#breadcrumblist"},"author":{"@id":"https:\/\/sacracosmetics.com\/ro\/author\/sacra\/#author"},"creator":{"@id":"https:\/\/sacracosmetics.com\/ro\/author\/sacra\/#author"},"image":{"@type":"ImageObject","url":"https:\/\/sacracosmetics.com\/wp-content\/uploads\/2026\/03\/nika_akin-natural-4644374-scaled.jpg","@id":"https:\/\/sacracosmetics.com\/ro\/cea-mai-buna-rutina-de-ingrijire-a-pielii-pe-timp-de-iarna-pentru-fata-si-gat-ghid-repara-uscaciunea-intareste-bariera\/#mainImage","width":1707,"height":2560,"caption":"Skin at its most coherent. Supported renewal, not forced exfoliation."},"primaryImageOfPage":{"@id":"https:\/\/sacracosmetics.com\/ro\/cea-mai-buna-rutina-de-ingrijire-a-pielii-pe-timp-de-iarna-pentru-fata-si-gat-ghid-repara-uscaciunea-intareste-bariera\/#mainImage"},"datePublished":"2026-02-02T17:04:34+02:00","dateModified":"2026-03-26T19:29:32+02:00"},{"@type":"WebSite","@id":"https:\/\/sacracosmetics.com\/ro\/#website","url":"https:\/\/sacracosmetics.com\/ro\/","name":"Sacra Cosmetics","inLanguage":"ro-RO","publisher":{"@id":"https:\/\/sacracosmetics.com\/ro\/#organization"}}]},"og:locale":"ro_RO","og:site_name":"Sacra Cosmetics -","og:type":"article","og:title":"Winter Skincare for Face &amp; Neck | SACRA Guide","og:description":"Support dry winter skin with a gentle, barrier-first routine. Discover SACRA\u2019s recommendations for winter skincare for the face and neck.","og:url":"https:\/\/sacracosmetics.com\/ro\/cea-mai-buna-rutina-de-ingrijire-a-pielii-pe-timp-de-iarna-pentru-fata-si-gat-ghid-repara-uscaciunea-intareste-bariera\/","og:image":"https:\/\/sacracosmetics.com\/wp-content\/uploads\/2026\/03\/nika_akin-natural-4644374-scaled.jpg","og:image:secure_url":"https:\/\/sacracosmetics.com\/wp-content\/uploads\/2026\/03\/nika_akin-natural-4644374-scaled.jpg","og:image:width":"1707","og:image:height":"2560","article:published_time":"2026-02-02T15:04:34+00:00","article:modified_time":"2026-03-26T17:29:32+00:00","article:publisher":"https:\/\/www.facebook.com\/people\/Sacra\/61559924301009\/","twitter:card":"summary_large_image","twitter:title":"Winter Skincare for Face &amp; Neck | SACRA Guide","twitter:description":"Support dry winter skin with a gentle, barrier-first routine. Discover SACRA\u2019s recommendations for winter skincare for the face and neck.","twitter:image":"https:\/\/sacracosmetics.com\/wp-content\/uploads\/2026\/03\/nika_akin-natural-4644374-scaled.jpg"},"aioseo_meta_data":{"post_id":"4366","title":"Winter Skincare for Face &amp; Neck | SACRA Guide","description":"Sprijini\u021bi pielea uscat\u0103 iarna cu o rutin\u0103 bl\u00e2nd\u0103, care pune pe primul loc bariera. Descoperi\u021bi recomand\u0103rile SACRA pentru \u00eengrijirea pielii de iarn\u0103 pentru fa\u021b\u0103 \u0219i g\u00e2t.","keywords":null,"keyphrases":{"focus":{"keyphrase":"winter skincare","score":90,"analysis":{"keyphraseInTitle":{"score":9,"maxScore":9,"error":0},"keyphraseInDescription":{"score":9,"maxScore":9,"error":0},"keyphraseLength":{"score":9,"maxScore":9,"error":0,"length":2},"keyphraseInURL":{"score":5,"maxScore":5,"error":0},"keyphraseInIntroduction":{"score":9,"maxScore":9,"error":0},"keyphraseInSubHeadings":{"score":3,"maxScore":9,"error":1},"keyphraseInImageAlt":[],"keywordDensity":{"type":"best","score":9,"maxScore":9,"error":0}}},"additional":[]},"primary_term":null,"canonical_url":null,"og_title":null,"og_description":null,"og_object_type":"default","og_image_type":"featured","og_image_url":"https:\/\/sacracosmetics.com\/wp-content\/uploads\/2026\/03\/nika_akin-natural-4644374-scaled.jpg","og_image_width":"1707","og_image_height":"2560","og_image_custom_url":null,"og_image_custom_fields":null,"og_video":"","og_custom_url":null,"og_article_section":null,"og_article_tags":null,"twitter_use_og":false,"twitter_card":"default","twitter_image_type":"default","twitter_image_url":null,"twitter_image_custom_url":null,"twitter_image_custom_fields":null,"twitter_title":null,"twitter_description":null,"schema":{"blockGraphs":[],"customGraphs":[],"default":{"data":{"Article":[],"Course":[],"Dataset":[],"FAQPage":[],"Movie":[],"Person":[],"Product":[],"ProductReview":[],"Car":[],"Recipe":[],"Service":[],"SoftwareApplication":[],"WebPage":[]},"graphName":"BlogPosting","isEnabled":true},"graphs":[]},"schema_type":"default","schema_type_options":null,"pillar_content":false,"robots_default":true,"robots_noindex":false,"robots_noarchive":false,"robots_nosnippet":false,"robots_nofollow":false,"robots_noimageindex":false,"robots_noodp":false,"robots_notranslate":false,"robots_max_snippet":"-1","robots_max_videopreview":"-1","robots_max_imagepreview":"large","priority":null,"frequency":"default","local_seo":null,"seo_analyzer_scan_date":"2026-03-26 17:41:48","breadcrumb_settings":null,"limit_modified_date":false,"reviewed_by":null,"open_ai":null,"ai":{"faqs":[],"keyPoints":[],"titles":[],"descriptions":[],"socialPosts":{"email":[],"linkedin":[],"twitter":[],"facebook":[],"instagram":[]}},"created":"2026-01-23 12:01:16","updated":"2026-03-26 17:41:48"},"aioseo_breadcrumb":"<div class=\"aioseo-breadcrumbs\"><span class=\"aioseo-breadcrumb\">\n\t<a href=\"https:\/\/sacracosmetics.com\/ro\" title=\"Home\">Home<\/a>\n<\/span><span class=\"aioseo-breadcrumb-separator\">&raquo;<\/span><span class=\"aioseo-breadcrumb\">\n\t<a href=\"https:\/\/sacracosmetics.com\/ro\/categorie\/fara-categorie\/\" title=\"Uncategorized\">Uncategorized<\/a>\n<\/span><span class=\"aioseo-breadcrumb-separator\">&raquo;<\/span><span class=\"aioseo-breadcrumb\">\n\tBest Winter Skincare Routine for Face and Neck Guide: Repair Dryness, Strengthen Barrier\n<\/span><\/div>","aioseo_breadcrumb_json":[{"label":"Home","link":"https:\/\/sacracosmetics.com\/ro"},{"label":"Uncategorized","link":"https:\/\/sacracosmetics.com\/ro\/categorie\/fara-categorie\/"},{"label":"Best Winter Skincare Routine for Face and Neck Guide: Repair Dryness, Strengthen Barrier","link":"https:\/\/sacracosmetics.com\/ro\/cea-mai-buna-rutina-de-ingrijire-a-pielii-pe-timp-de-iarna-pentru-fata-si-gat-ghid-repara-uscaciunea-intareste-bariera\/"}],"_links":{"self":[{"href":"https:\/\/sacracosmetics.com\/ro\/wp-json\/wp\/v2\/posts\/4366","targetHints":{"allow":["GET"]}}],"collection":[{"href":"https:\/\/sacracosmetics.com\/ro\/wp-json\/wp\/v2\/posts"}],"about":[{"href":"https:\/\/sacracosmetics.com\/ro\/wp-json\/wp\/v2\/types\/post"}],"author":[{"embeddable":true,"href":"https:\/\/sacracosmetics.com\/ro\/wp-json\/wp\/v2\/users\/2"}],"replies":[{"embeddable":true,"href":"https:\/\/sacracosmetics.com\/ro\/wp-json\/wp\/v2\/comments?post=4366"}],"version-history":[{"count":3,"href":"https:\/\/sacracosmetics.com\/ro\/wp-json\/wp\/v2\/posts\/4366\/revisions"}],"predecessor-version":[{"id":4566,"href":"https:\/\/sacracosmetics.com\/ro\/wp-json\/wp\/v2\/posts\/4366\/revisions\/4566"}],"wp:featuredmedia":[{"embeddable":true,"href":"https:\/\/sacracosmetics.com\/ro\/wp-json\/wp\/v2\/media\/4547"}],"wp:attachment":[{"href":"https:\/\/sacracosmetics.com\/ro\/wp-json\/wp\/v2\/media?parent=4366"}],"wp:term":[{"taxonomy":"category","embeddable":true,"href":"https:\/\/sacracosmetics.com\/ro\/wp-json\/wp\/v2\/categories?post=4366"},{"taxonomy":"post_tag","embeddable":true,"href":"https:\/\/sacracosmetics.com\/ro\/wp-json\/wp\/v2\/tags?post=4366"}],"curies":[{"name":"wp","href":"https:\/\/api.w.org\/{rel}","templated":true}]}}